{"id":783,"date":"2018-09-03T21:32:51","date_gmt":"2018-09-03T18:32:51","guid":{"rendered":"https:\/\/fener.org\/xwebsites\/wp\/fener\/?p=783"},"modified":"2018-09-03T21:32:51","modified_gmt":"2018-09-03T18:32:51","slug":"kadin-voleybol-takimimiz-sezonu-acti","status":"publish","type":"post","link":"https:\/\/www.fener.org\/index.php\/2018\/09\/03\/kadin-voleybol-takimimiz-sezonu-acti\/","title":{"rendered":"Kad\u0131n Voleybol Tak\u0131m\u0131m\u0131z sezonu a\u00e7t\u0131"},"content":{"rendered":"<p> Fenerbah\u00e7e Kad\u0131n Voleybol Tak\u0131m\u0131m\u0131z, yeni sezon \u00e7al\u0131\u015fmalar\u0131na ba\u015flad\u0131. Sezonun ilk antrenman\u0131n\u0131 Voleybol \u015eubemizden Sorumlu Y\u00f6netim Kurulu \u00dcyemiz Simla T\u00fcrker Bayaz\u0131t da takip etti. <\/p>\n<p>Gelecek sezon 3 kulvarda birden m\u00fccadele edecek Sar\u0131 Melekler, 2018-2019 sezonun start\u0131n\u0131 bug\u00fcn verdi.  <\/p>\n<p>Derea\u011fz\u0131 Lefter K\u00fc\u00e7\u00fckandonyadis Tesislerimizde yap\u0131lan antrenman \u00f6ncesi teknik heyet ve oyuncularla bir araya gelen Voleybol \u015eubemizden Sorumlu Y\u00f6netim Kurulu \u00dcyemiz Simla T\u00fcrker Bayaz\u0131t, yeni sezonda herkese bol \u015fans diledi.<\/p>\n<p>Sezonun ilk \u00e7al\u0131\u015fmas\u0131 saat 16.00\u2019da ba\u015flad\u0131 ve 1.5 saat s\u00fcrd\u00fc. Yeni transferlerimizden Melissa Vargas, Fatma Y\u0131ld\u0131r\u0131m ve S\u0131la \u00c7al\u0131\u015fkan\u2019\u0131n da yer ald\u0131\u011f\u0131 antrenmana milli tak\u0131mlarda bulunan tak\u0131m kaptan\u0131m\u0131z Eda Erdem D\u00fcndar ile yeni transferlerimizden Samantha Estephania ve Ana Antonijevic kat\u0131lmad\u0131.<\/p>\n<p>Ba\u015far\u0131l\u0131 sma\u00e7\u00f6r Fatma Y\u0131ld\u0131r\u0131m antrenman sonras\u0131 Resmi Sitemize yapt\u0131\u011f\u0131 a\u00e7\u0131klamada heyecanl\u0131 ve mutlu oldu\u011fu ifade etti. \u00d6nlerinde 2 ayl\u0131k bir haz\u0131rl\u0131k s\u00fcrecinin oldu\u011funu dile getiren Y\u0131ld\u0131r\u0131m, &#8220;Uzun bir aran\u0131n ard\u0131ndan sezona ba\u015flamak g\u00fczel oldu. Yeni tak\u0131m ve heyecan. Fenerbah\u00e7e\u2019de oldu\u011fum i\u00e7in mutluyum. \u0130n\u015fallah hay\u0131rl\u0131 olur. Haz\u0131rl\u0131k s\u00fcrecinde Topuk yaylas\u0131nda kamp yapaca\u011f\u0131z. Haz\u0131rl\u0131k ma\u00e7lar\u0131 da oynayaca\u011f\u0131z. Umar\u0131m her \u015fey g\u00fczel olur&#8221; dedi.<\/p>\n<p>Orta oyuncumuz Dicle Nur Babat da, &#8220;Milli tak\u0131mda yer almad\u0131\u011f\u0131m\u0131z i\u00e7in 4 ayl\u0131k bir ara oldu. \u00d6n\u00fcm\u00fczde 2 ayl\u0131k bir haz\u0131rl\u0131k s\u00fcreci var ve bu s\u00fcreci de milli tak\u0131mdaki arkada\u015flar\u0131m\u0131z gelene kadar iyi de\u011ferlendirece\u011fiz. Onlar geldikten sonra ma\u00e7lar\u0131n ba\u015flamas\u0131na \u00e7ok uzun bir s\u00fcre olmayacak&#8221; diye konu\u015ftu.<\/p>\n<p>Sar\u0131 Melekler \u00e7al\u0131\u015fmalar\u0131na yar\u0131n yapaca\u011f\u0131 \u00e7ift antrenmanla devam edecek. <\/p>\n","protected":false},"excerpt":{"rendered":"<p>Fenerbah\u00e7e Kad\u0131n Voleybol Tak\u0131m\u0131m\u0131z, yeni sezon \u00e7al\u0131\u015fmalar\u0131na ba\u015flad\u0131. Sezonun ilk antrenman\u0131n\u0131 Voleybol \u015eubemizden Sorumlu Y\u00f6netim Kurulu \u00dcyemiz Simla T\u00fcrker Bayaz\u0131t da takip etti. Gelecek sezon 3 kulvarda birden m\u00fccadele edecek Sar\u0131 Melekler, 2018-2019 sezonun start\u0131n\u0131 bug\u00fcn verdi. Derea\u011fz\u0131 Lefter K\u00fc\u00e7\u00fckandonyadis Tesislerimizde yap\u0131lan antrenman \u00f6ncesi teknik heyet ve oyuncularla bir araya gelen Voleybol \u015eubemizden Sorumlu Y\u00f6netim [&hellip;]<\/p>\n","protected":false},"author":1,"featured_media":784,"comment_status":"open","ping_status":"open","sticky":false,"template":"","format":"standard","meta":{"jnews-multi-image_gallery":[],"jnews_single_post":{"override_template":"0","override":[{"template":"1","parallax":"1","fullscreen":"0","layout":"right-sidebar","sidebar":"default-sidebar","second_sidebar":"default-sidebar","sticky_sidebar":"1","share_position":"top","share_float_style":"share-monocrhome","show_share_counter":"1","show_view_counter":"1","show_featured":"1","show_post_meta":"1","show_post_author":"1","show_post_author_image":"1","show_post_date":"1","post_date_format":"default","post_date_format_custom":"Y\/m\/d","show_post_category":"1","show_post_tag":"1","show_prev_next_post":"1","show_popup_post":"1","number_popup_post":"1","show_author_box":"0","show_post_related":"1","show_inline_post_related":"0"}],"override_image_size":"0","image_override":[{"single_post_thumbnail_size":"crop-500","single_post_gallery_size":"crop-500"}]},"jnews_primary_category":{"id":"8"},"jnews_social_meta":[],"jnews_override_counter":[],"footnotes":""},"categories":[2,10,8],"tags":[],"class_list":["post-783","post","type-post","status-publish","format-standard","has-post-thumbnail","hentry","category-haberler","category-kadin-voleybol","category-voleybol"],"amp_enabled":true,"_links":{"self":[{"href":"https:\/\/www.fener.org\/index.php\/wp-json\/wp\/v2\/posts\/783","targetHints":{"allow":["GET"]}}],"collection":[{"href":"https:\/\/www.fener.org\/index.php\/wp-json\/wp\/v2\/posts"}],"about":[{"href":"https:\/\/www.fener.org\/index.php\/wp-json\/wp\/v2\/types\/post"}],"author":[{"embeddable":true,"href":"https:\/\/www.fener.org\/index.php\/wp-json\/wp\/v2\/users\/1"}],"replies":[{"embeddable":true,"href":"https:\/\/www.fener.org\/index.php\/wp-json\/wp\/v2\/comments?post=783"}],"version-history":[{"count":1,"href":"https:\/\/www.fener.org\/index.php\/wp-json\/wp\/v2\/posts\/783\/revisions"}],"predecessor-version":[{"id":785,"href":"https:\/\/www.fener.org\/index.php\/wp-json\/wp\/v2\/posts\/783\/revisions\/785"}],"wp:featuredmedia":[{"embeddable":true,"href":"https:\/\/www.fener.org\/index.php\/wp-json\/wp\/v2\/media\/784"}],"wp:attachment":[{"href":"https:\/\/www.fener.org\/index.php\/wp-json\/wp\/v2\/media?parent=783"}],"wp:term":[{"taxonomy":"category","embeddable":true,"href":"https:\/\/www.fener.org\/index.php\/wp-json\/wp\/v2\/categories?post=783"},{"taxonomy":"post_tag","embeddable":true,"href":"https:\/\/www.fener.org\/index.php\/wp-json\/wp\/v2\/tags?post=783"}],"curies":[{"name":"wp","href":"https:\/\/api.w.org\/{rel}","templated":true}]}}