{"id":7685,"date":"2019-05-29T23:24:58","date_gmt":"2019-05-29T20:24:58","guid":{"rendered":"https:\/\/www.fener.org\/?p=7685"},"modified":"2019-05-29T23:25:02","modified_gmt":"2019-05-29T20:25:02","slug":"obradovic-oyuncular-momentumun-farkina-vardilar","status":"publish","type":"post","link":"https:\/\/www.fener.org\/index.php\/2019\/05\/29\/obradovic-oyuncular-momentumun-farkina-vardilar\/","title":{"rendered":"Obradovic: Oyuncular momentumun fark\u0131na vard\u0131lar"},"content":{"rendered":"\n<p>T\u00fcrk Telekom kar\u015f\u0131s\u0131nda hem h\u00fccum da hem de savunmada \u00e7ok agresif oynad\u0131klar\u0131n\u0131 ve ma\u00e7\u0131 40 dakika boyunca domine ettiklerini ifade eden Obradovic \u015funlar\u0131 s\u00f6yledi:<\/p>\n\n\n\n<blockquote class=\"wp-block-quote is-layout-flow wp-block-quote-is-layout-flow\"><p>&#8220;Ma\u00e7a g\u00fczel ba\u015flad\u0131k. Savunma a\u00e7\u0131s\u0131ndan agresiftik ve h\u00fccumda da \u00e7ok sert oynad\u0131k. Ma\u00e7\u0131 40 dakika boyunca domine ettik. Tak\u0131m\u0131 tebrik ediyorum. Play-offlara devam ediyoruz. Taraftarlar\u0131m\u0131za \u00e7ok te\u015fekk\u00fcr ediyorum, \u00e7ok g\u00fczel destek verdi. T\u00fcrk Telekom\u2019u da tebrik ediyorum performanslar\u0131ndan dolay\u0131. Hem bu ak\u015fam hem de t\u00fcm sezon boyunca \u00e7ok iyi oynad\u0131. Oyuncular \u00e7ok iyi reaksiyon g\u00f6sterdi. Bu kadar sakatl\u0131k varken tam tak\u0131m antrenman\u0131 da ma\u00e7 da yapam\u0131yorsunuz ama oyuncular momentumun fark\u0131na vard\u0131lar.&#8221;<\/p><\/blockquote>\n","protected":false},"excerpt":{"rendered":"<p>T\u00fcrk Telekom kar\u015f\u0131s\u0131nda hem h\u00fccum da hem de savunmada \u00e7ok agresif oynad\u0131klar\u0131n\u0131 ve ma\u00e7\u0131 40 dakika boyunca domine ettiklerini ifade eden Obradovic \u015funlar\u0131 s\u00f6yledi: &#8220;Ma\u00e7a g\u00fczel ba\u015flad\u0131k. Savunma a\u00e7\u0131s\u0131ndan agresiftik ve h\u00fccumda da \u00e7ok sert oynad\u0131k. Ma\u00e7\u0131 40 dakika boyunca domine ettik. Tak\u0131m\u0131 tebrik ediyorum. Play-offlara devam ediyoruz. Taraftarlar\u0131m\u0131za \u00e7ok te\u015fekk\u00fcr ediyorum, \u00e7ok g\u00fczel destek [&hellip;]<\/p>\n","protected":false},"author":1,"featured_media":7686,"comment_status":"closed","ping_status":"closed","sticky":false,"template":"","format":"standard","meta":{"jnews-multi-image_gallery":[],"jnews_single_post":{"subtitle":"Fenerbah\u00e7e Erkek Basketbol Tak\u0131m\u0131m\u0131z\u0131n Ba\u015fantren\u00f6r\u00fc Zeljko Obradovic, tak\u0131m\u0131m\u0131z\u0131n Tahincio\u011flu Basketbol S\u00fcper Ligi Play-off \u00e7eyrek final \u00fc\u00e7\u00fcnc\u00fc ma\u00e7\u0131nda T\u00fcrk Telekom ile oynad\u0131\u011f\u0131 ma\u00e7\u0131n ard\u0131ndan a\u00e7\u0131klamalarda bulundu.","format":"standard","video":"","gallery":"","source_name":"","source_url":"","via_name":"","via_url":"","override":[{"single_blog_custom":"","sidebar":"","second_sidebar":"","share_position":"","share_float_style":"","post_date_format":"","post_date_format_custom":"","post_reading_time_wpm":"","number_popup_post":"1"}],"image_override":[{"single_post_thumbnail_size":"","single_post_gallery_size":""}],"trending_post_position":"","trending_post_label":""},"jnews_primary_category":{"id":"5"},"jnews_social_meta":{"fb_title":"","fb_description":"","fb_image":"","twitter_title":"","twitter_description":"","twitter_image":""},"jnews_override_counter":{"view_counter_number":"0","share_counter_number":"0","like_counter_number":"0","dislike_counter_number":"0"},"footnotes":""},"categories":[5,6,2],"tags":[24,23,75],"class_list":["post-7685","post","type-post","status-publish","format-standard","has-post-thumbnail","hentry","category-basketbol","category-erkek-basketbol","category-haberler","tag-basketbol","tag-fenerbahce","tag-zeljkoobradovic"],"amp_enabled":true,"_links":{"self":[{"href":"https:\/\/www.fener.org\/index.php\/wp-json\/wp\/v2\/posts\/7685","targetHints":{"allow":["GET"]}}],"collection":[{"href":"https:\/\/www.fener.org\/index.php\/wp-json\/wp\/v2\/posts"}],"about":[{"href":"https:\/\/www.fener.org\/index.php\/wp-json\/wp\/v2\/types\/post"}],"author":[{"embeddable":true,"href":"https:\/\/www.fener.org\/index.php\/wp-json\/wp\/v2\/users\/1"}],"replies":[{"embeddable":true,"href":"https:\/\/www.fener.org\/index.php\/wp-json\/wp\/v2\/comments?post=7685"}],"version-history":[{"count":1,"href":"https:\/\/www.fener.org\/index.php\/wp-json\/wp\/v2\/posts\/7685\/revisions"}],"predecessor-version":[{"id":7687,"href":"https:\/\/www.fener.org\/index.php\/wp-json\/wp\/v2\/posts\/7685\/revisions\/7687"}],"wp:featuredmedia":[{"embeddable":true,"href":"https:\/\/www.fener.org\/index.php\/wp-json\/wp\/v2\/media\/7686"}],"wp:attachment":[{"href":"https:\/\/www.fener.org\/index.php\/wp-json\/wp\/v2\/media?parent=7685"}],"wp:term":[{"taxonomy":"category","embeddable":true,"href":"https:\/\/www.fener.org\/index.php\/wp-json\/wp\/v2\/categories?post=7685"},{"taxonomy":"post_tag","embeddable":true,"href":"https:\/\/www.fener.org\/index.php\/wp-json\/wp\/v2\/tags?post=7685"}],"curies":[{"name":"wp","href":"https:\/\/api.w.org\/{rel}","templated":true}]}}