{"id":7631,"date":"2019-05-25T12:49:33","date_gmt":"2019-05-25T09:49:33","guid":{"rendered":"https:\/\/www.fener.org\/?p=7631"},"modified":"2019-05-25T12:49:38","modified_gmt":"2019-05-25T09:49:38","slug":"kulubumuzden-uefa-aciklamasi","status":"publish","type":"post","link":"https:\/\/www.fener.org\/index.php\/2019\/05\/25\/kulubumuzden-uefa-aciklamasi\/","title":{"rendered":"Kul\u00fcb\u00fcm\u00fcz&#8217;den UEFA a\u00e7\u0131klamas\u0131"},"content":{"rendered":"\n<p>Kul\u00fcb\u00fcm\u00fcz\u00fcn resmi internet sitesinden yap\u0131lan a\u00e7\u0131klamada \u015fu ifadeler kullan\u0131ld\u0131:<\/p>\n\n\n\n<blockquote class=\"wp-block-quote is-layout-flow wp-block-quote-is-layout-flow\"><p>Kul\u00fcb\u00fcm\u00fcz, 2016 May\u0131s ay\u0131nda UEFA CFCB-IC (Kul\u00fcp Finansal Kontrol Kurulu &#8211; \u0130nceleme Dairesi) ile yapm\u0131\u015f oldu\u011fu uzla\u015fma anla\u015fmas\u0131ndaki 2017\/18 sezonu denk hesap a\u00e7\u0131\u011f\u0131 taahh\u00fcd\u00fcne uyamad\u0131\u011f\u0131 gerek\u00e7esi ile CFCB-AC (Kul\u00fcp Finansal Kontrol Kurulu \u2013 Yarg\u0131 Dairesi)\u2019 ne sevk edilmi\u015ftir.<\/p><p>2016 May\u0131s ay\u0131nda yap\u0131lan anla\u015fmaya g\u00f6re; 2017\/18 sezonu finansal sonu\u00e7lar\u0131nda denk hesap a\u00e7\u0131\u011f\u0131 taahh\u00fcd\u00fcm\u00fcz \u20ac 10 milyon olarak belirlenmi\u015fti. Ayn\u0131 sezon i\u00e7in denk hesap a\u00e7\u0131\u011f\u0131m\u0131z\u0131n \u20ac 20 milyon\u2019u a\u015fmas\u0131 durumunda ise Yarg\u0131 Dairesi\u2019ne sevk edilmemiz \u00fczerine mutabakat sa\u011flanm\u0131\u015ft\u0131.<\/p><p>Anla\u015fma i\u00e7erisindeki bu ko\u015fullara ra\u011fmen, s\u00f6z konusu 2017\/18 sezonu i\u00e7in, \u20ac 57,5 milyon denk hesap a\u00e7\u0131\u011f\u0131 ger\u00e7ekle\u015fmi\u015f ve Kul\u00fcb\u00fcm\u00fcz bu sebeple Yarg\u0131 Dairesi\u2019ne sevk edilmi\u015ftir.<\/p><p>CFCB \u0130nceleme Dairesi, yeni y\u00f6netim kurulumuz taraf\u0131ndan 2018\/19 sezonunda al\u0131nan aksiyonlarla birlikte<\/p><p>&#8211; Bilet ve forma sat\u0131\u015f gelirlerindeki art\u0131\u015f\u0131<br>&#8211; Yeni sponsorluk anla\u015fmalar\u0131n\u0131 <br>&#8211; \u20ac 60 milyon tutar\u0131ndaki sermaye art\u0131\u015f\u0131n\u0131<br>&#8211; Ba\u011f\u0131\u015f kampanyas\u0131n\u0131<br>&#8211; Kul\u00fcb\u00fcm\u00fcz\u00fcn TFF ve Bankalar Birli\u011fi ile bor\u00e7 yap\u0131land\u0131rma ve yeni finansal kontrol talimat\u0131 \u00fczerindeki \u00e7al\u0131\u015fmalar\u0131n\u0131<br>&#8211; Beklenmedik kur ve faiz art\u0131\u015flar\u0131n\u0131<\/p><p>dikkate alarak verdi\u011fini belirtti\u011fi kararda; Kul\u00fcb\u00fcm\u00fcz Yarg\u0131 Dairesi\u2019ne sevk edilirken olas\u0131 UEFA gelirlerinden kesilmek \u00fczere \u20ac 2,5 milyon para cezas\u0131, daha \u00f6nceki y\u0131llarda oldu\u011fu gibi \u00f6n\u00fcm\u00fczdeki iki sezon boyunca UEFA m\u00fcsabakalar\u0131nda yer alacak oyuncular i\u00e7in transfer ve kadro say\u0131s\u0131ndaki k\u0131s\u0131tlamalara devam edilerek UEFA m\u00fcsabakalar\u0131ndan men edilmemesi tavsiye edilmi\u015ftir.<\/p><p>A\u015fa\u011f\u0131daki ko\u015fullar\u0131n yerine getirilmesi durumunda ise UEFA gelirlerinden kesilecek \u20ac 2,5 milyon para cezas\u0131n\u0131n daha da d\u00fc\u015f\u00fcr\u00fclebilece\u011fi tavsiye edilmi\u015ftir:<\/p><p>&#8211; Bankalar Birli\u011fi ile yap\u0131lacak olan bor\u00e7 yap\u0131land\u0131rma s\u00fcrecinin Haziran 2019 sonuna kadar tamamlanmas\u0131,<br>&#8211; T\u00fcrkiye Futbol Federasyonu nezdinde geli\u015ftirilen yeni finansal kontrol mekanizmas\u0131n\u0131n Haziran 2019 sonuna kadar tamamlanmas\u0131<\/p><p>Kamuoyunun bilgisine sunar\u0131z.<\/p><p><strong>FENERBAH\u00c7E SPOR KUL\u00dcB\u00dc<\/strong><\/p><\/blockquote>\n","protected":false},"excerpt":{"rendered":"<p>Kul\u00fcb\u00fcm\u00fcz\u00fcn resmi internet sitesinden yap\u0131lan a\u00e7\u0131klamada \u015fu ifadeler kullan\u0131ld\u0131: Kul\u00fcb\u00fcm\u00fcz, 2016 May\u0131s ay\u0131nda UEFA CFCB-IC (Kul\u00fcp Finansal Kontrol Kurulu &#8211; \u0130nceleme Dairesi) ile yapm\u0131\u015f oldu\u011fu uzla\u015fma anla\u015fmas\u0131ndaki 2017\/18 sezonu denk hesap a\u00e7\u0131\u011f\u0131 taahh\u00fcd\u00fcne uyamad\u0131\u011f\u0131 gerek\u00e7esi ile CFCB-AC (Kul\u00fcp Finansal Kontrol Kurulu \u2013 Yarg\u0131 Dairesi)\u2019 ne sevk edilmi\u015ftir. 2016 May\u0131s ay\u0131nda yap\u0131lan anla\u015fmaya g\u00f6re; 2017\/18 sezonu [&hellip;]<\/p>\n","protected":false},"author":1,"featured_media":1378,"comment_status":"closed","ping_status":"closed","sticky":false,"template":"","format":"standard","meta":{"jnews-multi-image_gallery":[],"jnews_single_post":{"subtitle":"Kul\u00fcb\u00fcm\u00fcz, UEFA'dan \u00e7\u0131kan karar ile ilgili kamuoyunu bilgilendirme a\u00e7\u0131klamas\u0131 yapt\u0131.","format":"standard","video":"","gallery":"","source_name":"","source_url":"","via_name":"","via_url":"","override":[{"single_blog_custom":"","sidebar":"","second_sidebar":"","share_position":"","share_float_style":"","post_date_format":"","post_date_format_custom":"","post_reading_time_wpm":"","number_popup_post":"1"}],"image_override":[{"single_post_thumbnail_size":"","single_post_gallery_size":""}],"trending_post_position":"","trending_post_label":""},"jnews_primary_category":{"id":"3"},"jnews_social_meta":{"fb_title":"","fb_description":"","fb_image":"","twitter_title":"","twitter_description":"","twitter_image":""},"jnews_override_counter":{"view_counter_number":"0","share_counter_number":"0","like_counter_number":"0","dislike_counter_number":"0"},"footnotes":""},"categories":[2,3],"tags":[23],"class_list":["post-7631","post","type-post","status-publish","format-standard","has-post-thumbnail","hentry","category-haberler","category-kulup","tag-fenerbahce"],"amp_enabled":true,"_links":{"self":[{"href":"https:\/\/www.fener.org\/index.php\/wp-json\/wp\/v2\/posts\/7631","targetHints":{"allow":["GET"]}}],"collection":[{"href":"https:\/\/www.fener.org\/index.php\/wp-json\/wp\/v2\/posts"}],"about":[{"href":"https:\/\/www.fener.org\/index.php\/wp-json\/wp\/v2\/types\/post"}],"author":[{"embeddable":true,"href":"https:\/\/www.fener.org\/index.php\/wp-json\/wp\/v2\/users\/1"}],"replies":[{"embeddable":true,"href":"https:\/\/www.fener.org\/index.php\/wp-json\/wp\/v2\/comments?post=7631"}],"version-history":[{"count":2,"href":"https:\/\/www.fener.org\/index.php\/wp-json\/wp\/v2\/posts\/7631\/revisions"}],"predecessor-version":[{"id":7633,"href":"https:\/\/www.fener.org\/index.php\/wp-json\/wp\/v2\/posts\/7631\/revisions\/7633"}],"wp:featuredmedia":[{"embeddable":true,"href":"https:\/\/www.fener.org\/index.php\/wp-json\/wp\/v2\/media\/1378"}],"wp:attachment":[{"href":"https:\/\/www.fener.org\/index.php\/wp-json\/wp\/v2\/media?parent=7631"}],"wp:term":[{"taxonomy":"category","embeddable":true,"href":"https:\/\/www.fener.org\/index.php\/wp-json\/wp\/v2\/categories?post=7631"},{"taxonomy":"post_tag","embeddable":true,"href":"https:\/\/www.fener.org\/index.php\/wp-json\/wp\/v2\/tags?post=7631"}],"curies":[{"name":"wp","href":"https:\/\/api.w.org\/{rel}","templated":true}]}}