{"id":7474,"date":"2019-05-11T12:04:06","date_gmt":"2019-05-11T09:04:06","guid":{"rendered":"https:\/\/www.fener.org\/?p=7474"},"modified":"2019-05-11T12:04:10","modified_gmt":"2019-05-11T09:04:10","slug":"bgl-fenerbahce-beko-80-82-anadolu-efes","status":"publish","type":"post","link":"https:\/\/www.fener.org\/index.php\/2019\/05\/11\/bgl-fenerbahce-beko-80-82-anadolu-efes\/","title":{"rendered":"BGL: Fenerbah\u00e7e Beko 80-82 Anadolu Efes"},"content":{"rendered":"\n<p>Fenerbah\u00e7e Beko Gen\u00e7 Erkek Basketbol Tak\u0131m\u0131, Basketbol Gen\u00e7ler Ligi D\u00f6rtl\u00fc Final ilk ma\u00e7\u0131nda Anadolu Efes ile kar\u015f\u0131la\u015ft\u0131. Ekibimiz, Sinan Erdem Spor Salonu\u2019nda oynanan ve ilk yar\u0131s\u0131n\u0131 33-34 geride kapatt\u0131\u011f\u0131 m\u00fccadelede, son h\u00fccumda say\u0131 bulamayarak 80-82 ma\u011flup ayr\u0131ld\u0131.<\/p>\n\n\n\n<p>Tak\u0131m\u0131m\u0131z, D\u00f6rtl\u00fc Final \u00fc\u00e7\u00fcnc\u00fcl\u00fck ma\u00e7\u0131nda 11 Nisan Cumartesi saat 13:00\u2019te Sinan Erdem Spor Salonu\u2019nda P\u0131nar Kar\u015f\u0131yaka ile kar\u015f\u0131la\u015facak. M\u00fccadele, Tivibu Spor\u2019dan naklen yay\u0131nlanacak.<\/p>\n\n\n\n<p>Fenerbah\u00e7e Beko\u2019da Sarper David Mutaf 17, Efe Ergi T\u0131rpanc\u0131 16, \u0130smail Karabilen ise 13 say\u0131 \u00fcretti.<\/p>\n\n\n\n<p>Anadolu Efes\u2019te ise Mustafa Kurtuldum 24, \u00d6mer Can \u0130lyaso\u011flu 15 say\u0131 buldu.<\/p>\n\n\n<p><strong>\u00c7eyrek skorlar\u0131:<\/strong><br \/>1. \u00c7eyrek: 19-15 (Anadolu Efes)<br \/>2. \u00c7eyrek: 18-15 (Fenerbah\u00e7e Beko)<br \/>3. \u00c7eyrek: 22-19 (Fenerbah\u00e7e Beko)<br \/>4. \u00c7eyrek: 29-25 (Anadolu Efes)<br \/><br \/><strong>Fenerbah\u00e7e Beko (80):<\/strong> Sarper David Mutaf 17, Efe Ergi T\u0131rpanc\u0131 16, \u0130smail Karabilen 13, Ekrem Sancakl\u0131 11, Saadettin Donat 8, Mert Emre Ek\u015fio\u011flu 8, Adem Bayrak 5, Ege \u00dclker 2<\/p>","protected":false},"excerpt":{"rendered":"<p>Fenerbah\u00e7e Beko Gen\u00e7 Erkek Basketbol Tak\u0131m\u0131, Basketbol Gen\u00e7ler Ligi D\u00f6rtl\u00fc Final ilk ma\u00e7\u0131nda Anadolu Efes ile kar\u015f\u0131la\u015ft\u0131. Ekibimiz, Sinan Erdem Spor Salonu\u2019nda oynanan ve ilk yar\u0131s\u0131n\u0131 33-34 geride kapatt\u0131\u011f\u0131 m\u00fccadelede, son h\u00fccumda say\u0131 bulamayarak 80-82 ma\u011flup ayr\u0131ld\u0131. Tak\u0131m\u0131m\u0131z, D\u00f6rtl\u00fc Final \u00fc\u00e7\u00fcnc\u00fcl\u00fck ma\u00e7\u0131nda 11 Nisan Cumartesi saat 13:00\u2019te Sinan Erdem Spor Salonu\u2019nda P\u0131nar Kar\u015f\u0131yaka ile kar\u015f\u0131la\u015facak. [&hellip;]<\/p>\n","protected":false},"author":1,"featured_media":1280,"comment_status":"closed","ping_status":"closed","sticky":false,"template":"","format":"standard","meta":{"jnews-multi-image_gallery":[],"jnews_single_post":{"subtitle":"","format":"standard","video":"","gallery":"","source_name":"","source_url":"","via_name":"","via_url":"","override":[{"single_blog_custom":"","sidebar":"","second_sidebar":"","share_position":"","share_float_style":"","post_date_format":"","post_date_format_custom":"","post_reading_time_wpm":"","number_popup_post":"1"}],"image_override":[{"single_post_thumbnail_size":"","single_post_gallery_size":""}],"trending_post_position":"","trending_post_label":""},"jnews_primary_category":{"id":"5"},"jnews_social_meta":{"fb_title":"","fb_description":"","fb_image":"","twitter_title":"","twitter_description":"","twitter_image":""},"jnews_override_counter":{"view_counter_number":"0","share_counter_number":"0","like_counter_number":"0","dislike_counter_number":"0"},"footnotes":""},"categories":[5,45,2],"tags":[24,23],"class_list":["post-7474","post","type-post","status-publish","format-standard","has-post-thumbnail","hentry","category-basketbol","category-erkek-basketbol-altyapi","category-haberler","tag-basketbol","tag-fenerbahce"],"amp_enabled":true,"_links":{"self":[{"href":"https:\/\/www.fener.org\/index.php\/wp-json\/wp\/v2\/posts\/7474","targetHints":{"allow":["GET"]}}],"collection":[{"href":"https:\/\/www.fener.org\/index.php\/wp-json\/wp\/v2\/posts"}],"about":[{"href":"https:\/\/www.fener.org\/index.php\/wp-json\/wp\/v2\/types\/post"}],"author":[{"embeddable":true,"href":"https:\/\/www.fener.org\/index.php\/wp-json\/wp\/v2\/users\/1"}],"replies":[{"embeddable":true,"href":"https:\/\/www.fener.org\/index.php\/wp-json\/wp\/v2\/comments?post=7474"}],"version-history":[{"count":1,"href":"https:\/\/www.fener.org\/index.php\/wp-json\/wp\/v2\/posts\/7474\/revisions"}],"predecessor-version":[{"id":7475,"href":"https:\/\/www.fener.org\/index.php\/wp-json\/wp\/v2\/posts\/7474\/revisions\/7475"}],"wp:featuredmedia":[{"embeddable":true,"href":"https:\/\/www.fener.org\/index.php\/wp-json\/wp\/v2\/media\/1280"}],"wp:attachment":[{"href":"https:\/\/www.fener.org\/index.php\/wp-json\/wp\/v2\/media?parent=7474"}],"wp:term":[{"taxonomy":"category","embeddable":true,"href":"https:\/\/www.fener.org\/index.php\/wp-json\/wp\/v2\/categories?post=7474"},{"taxonomy":"post_tag","embeddable":true,"href":"https:\/\/www.fener.org\/index.php\/wp-json\/wp\/v2\/tags?post=7474"}],"curies":[{"name":"wp","href":"https:\/\/api.w.org\/{rel}","templated":true}]}}