{"id":7384,"date":"2019-05-04T18:02:06","date_gmt":"2019-05-04T15:02:06","guid":{"rendered":"https:\/\/www.fener.org\/?p=7384"},"modified":"2019-05-04T18:02:58","modified_gmt":"2019-05-04T15:02:58","slug":"kasimpasa-macinin-kadrosu-aciklandi","status":"publish","type":"post","link":"https:\/\/www.fener.org\/index.php\/2019\/05\/04\/kasimpasa-macinin-kadrosu-aciklandi\/","title":{"rendered":"Kas\u0131mpa\u015fa ma\u00e7\u0131n\u0131n kadrosu a\u00e7\u0131kland\u0131"},"content":{"rendered":"\n<p>Fenerbah\u00e7emiz Spor Toto S\u00fcper Lig Lefter K\u00fc\u00e7\u00fckandonyadis Sezonu 31. haftas\u0131nda deplasmanda oynayaca\u011f\u0131 Kas\u0131mpa\u015fa kar\u015f\u0131la\u015fmas\u0131na \u015fu 11 ile \u00e7\u0131kacak:<\/p>\n\n\n\n<p><strong>Fenerbah\u00e7emizin 11&#8217;i:<\/strong> Harun Tekin, Hasan Ali Kald\u0131r\u0131m, Roman Neustadter, Serdar Aziz, Mauricio Isla, Mehmet Topal, Eljif Elmas, Jailson, Nabil Dirar, Mathieu Valbuena, Roberto Soldado.<\/p>\n\n\n\n<p><strong>Fenerbah\u00e7emizin Yedekleri:<\/strong> Berke \u00d6zer, \u0130smail K\u00f6yba\u015f\u0131, Alper Potuk, Victor Moses, Mehmet Ekici, Ferdi Kad\u0131o\u011flu, Tolgay Arslan, \u015eener \u00d6zbayrakl\u0131, Andre Ayew, Miha Zajc<\/p>\n","protected":false},"excerpt":{"rendered":"<p>Fenerbah\u00e7emiz Spor Toto S\u00fcper Lig Lefter K\u00fc\u00e7\u00fckandonyadis Sezonu 31. haftas\u0131nda deplasmanda oynayaca\u011f\u0131 Kas\u0131mpa\u015fa kar\u015f\u0131la\u015fmas\u0131na \u015fu 11 ile \u00e7\u0131kacak: Fenerbah\u00e7emizin 11&#8217;i: Harun Tekin, Hasan Ali Kald\u0131r\u0131m, Roman Neustadter, Serdar Aziz, Mauricio Isla, Mehmet Topal, Eljif Elmas, Jailson, Nabil Dirar, Mathieu Valbuena, Roberto Soldado. Fenerbah\u00e7emizin Yedekleri: Berke \u00d6zer, \u0130smail K\u00f6yba\u015f\u0131, Alper Potuk, Victor Moses, Mehmet Ekici, Ferdi [&hellip;]<\/p>\n","protected":false},"author":1,"featured_media":1282,"comment_status":"closed","ping_status":"closed","sticky":false,"template":"","format":"standard","meta":{"jnews-multi-image_gallery":[],"jnews_single_post":{"subtitle":"","format":"standard","video":"","gallery":"","source_name":"","source_url":"","via_name":"","via_url":"","override":[{"single_blog_custom":"","sidebar":"","second_sidebar":"","share_position":"","share_float_style":"","post_date_format":"","post_date_format_custom":"","post_reading_time_wpm":"","number_popup_post":"1"}],"image_override":[{"single_post_thumbnail_size":"","single_post_gallery_size":""}],"trending_post_position":"","trending_post_label":""},"jnews_primary_category":{"id":"4"},"jnews_social_meta":{"fb_title":"","fb_description":"","fb_image":"","twitter_title":"","twitter_description":"","twitter_image":""},"jnews_override_counter":{"view_counter_number":"0","share_counter_number":"0","like_counter_number":"0","dislike_counter_number":"0"},"footnotes":""},"categories":[4,2,47],"tags":[23,62,54],"class_list":["post-7384","post","type-post","status-publish","format-standard","has-post-thumbnail","hentry","category-futbol","category-haberler","category-profesyonel-a-futbol-takimi","tag-fenerbahce","tag-fenerinmacivar","tag-futbol"],"amp_enabled":true,"_links":{"self":[{"href":"https:\/\/www.fener.org\/index.php\/wp-json\/wp\/v2\/posts\/7384","targetHints":{"allow":["GET"]}}],"collection":[{"href":"https:\/\/www.fener.org\/index.php\/wp-json\/wp\/v2\/posts"}],"about":[{"href":"https:\/\/www.fener.org\/index.php\/wp-json\/wp\/v2\/types\/post"}],"author":[{"embeddable":true,"href":"https:\/\/www.fener.org\/index.php\/wp-json\/wp\/v2\/users\/1"}],"replies":[{"embeddable":true,"href":"https:\/\/www.fener.org\/index.php\/wp-json\/wp\/v2\/comments?post=7384"}],"version-history":[{"count":2,"href":"https:\/\/www.fener.org\/index.php\/wp-json\/wp\/v2\/posts\/7384\/revisions"}],"predecessor-version":[{"id":7386,"href":"https:\/\/www.fener.org\/index.php\/wp-json\/wp\/v2\/posts\/7384\/revisions\/7386"}],"wp:featuredmedia":[{"embeddable":true,"href":"https:\/\/www.fener.org\/index.php\/wp-json\/wp\/v2\/media\/1282"}],"wp:attachment":[{"href":"https:\/\/www.fener.org\/index.php\/wp-json\/wp\/v2\/media?parent=7384"}],"wp:term":[{"taxonomy":"category","embeddable":true,"href":"https:\/\/www.fener.org\/index.php\/wp-json\/wp\/v2\/categories?post=7384"},{"taxonomy":"post_tag","embeddable":true,"href":"https:\/\/www.fener.org\/index.php\/wp-json\/wp\/v2\/tags?post=7384"}],"curies":[{"name":"wp","href":"https:\/\/api.w.org\/{rel}","templated":true}]}}