{"id":7323,"date":"2019-04-29T09:16:47","date_gmt":"2019-04-29T06:16:47","guid":{"rendered":"https:\/\/www.fener.org\/?p=7323"},"modified":"2019-04-29T09:16:51","modified_gmt":"2019-04-29T06:16:51","slug":"potanin-kraliceleri-galatasaray-karsisinda-2","status":"publish","type":"post","link":"https:\/\/www.fener.org\/index.php\/2019\/04\/29\/potanin-kraliceleri-galatasaray-karsisinda-2\/","title":{"rendered":"Potan\u0131n Krali\u00e7eleri Galatasaray kar\u015f\u0131s\u0131nda"},"content":{"rendered":"\n<p>Fenerbah\u00e7e Kad\u0131n Basketbol Tak\u0131m\u0131m\u0131z, Kad\u0131nlar Basketbol S\u00fcper Ligi play-off yar\u0131 final \u00fc\u00e7\u00fcnc\u00fc ma\u00e7\u0131nda Galatasaray\u2019a konuk oluyor. Bug\u00fcn (29 Nisan Pazartesi g\u00fcn\u00fc) Ahmet C\u00f6mert Spor Salonu\u2019nda oynanacak m\u00fcsabaka saat 18.00\u2019de ba\u015flayacak ve tivibu Spor\u2019dan ekranlara gelecek.<\/p>\n\n\n\n<p>5 ma\u00e7 \u00fczerinden oynanan ve 3 galibiyete ula\u015facak tak\u0131m\u0131n ad\u0131n\u0131 finale yazd\u0131raca\u011f\u0131 seride durum 1-1. Ata\u015fehir\u2019de oynanan ilk ma\u00e7\u0131 72-51 kazanan Tak\u0131m\u0131m\u0131z, ikinci m\u00fcsabakadan ise 48-59 ma\u011flup ayr\u0131ld\u0131.<\/p>\n","protected":false},"excerpt":{"rendered":"<p>Fenerbah\u00e7e Kad\u0131n Basketbol Tak\u0131m\u0131m\u0131z, Kad\u0131nlar Basketbol S\u00fcper Ligi play-off yar\u0131 final \u00fc\u00e7\u00fcnc\u00fc ma\u00e7\u0131nda Galatasaray\u2019a konuk oluyor. Bug\u00fcn (29 Nisan Pazartesi g\u00fcn\u00fc) Ahmet C\u00f6mert Spor Salonu\u2019nda oynanacak m\u00fcsabaka saat 18.00\u2019de ba\u015flayacak ve tivibu Spor\u2019dan ekranlara gelecek. 5 ma\u00e7 \u00fczerinden oynanan ve 3 galibiyete ula\u015facak tak\u0131m\u0131n ad\u0131n\u0131 finale yazd\u0131raca\u011f\u0131 seride durum 1-1. Ata\u015fehir\u2019de oynanan ilk ma\u00e7\u0131 72-51 [&hellip;]<\/p>\n","protected":false},"author":1,"featured_media":7269,"comment_status":"closed","ping_status":"closed","sticky":false,"template":"","format":"standard","meta":{"jnews-multi-image_gallery":[],"jnews_single_post":{"subtitle":"Fenerbah\u00e7e Kad\u0131n Basketbol Tak\u0131m\u0131m\u0131z, Kad\u0131nlar Basketbol S\u00fcper Ligi play-off yar\u0131 final \u00fc\u00e7\u00fcnc\u00fc ma\u00e7\u0131nda Galatasaray ile kar\u015f\u0131la\u015facak.","format":"standard","video":"","gallery":"","source_name":"","source_url":"","via_name":"","via_url":"","override":[{"single_blog_custom":"","sidebar":"","second_sidebar":"","share_position":"","share_float_style":"","post_date_format":"","post_date_format_custom":"","post_reading_time_wpm":"","number_popup_post":"1"}],"image_override":[{"single_post_thumbnail_size":"","single_post_gallery_size":""}],"trending_post_position":"","trending_post_label":""},"jnews_primary_category":{"id":"5"},"jnews_social_meta":{"fb_title":"","fb_description":"","fb_image":"","twitter_title":"","twitter_description":"","twitter_image":""},"jnews_override_counter":{"view_counter_number":"0","share_counter_number":"0","like_counter_number":"0","dislike_counter_number":"0"},"footnotes":""},"categories":[5,2,7],"tags":[24,23],"class_list":["post-7323","post","type-post","status-publish","format-standard","has-post-thumbnail","hentry","category-basketbol","category-haberler","category-kadin-basketbol","tag-basketbol","tag-fenerbahce"],"amp_enabled":true,"_links":{"self":[{"href":"https:\/\/www.fener.org\/index.php\/wp-json\/wp\/v2\/posts\/7323","targetHints":{"allow":["GET"]}}],"collection":[{"href":"https:\/\/www.fener.org\/index.php\/wp-json\/wp\/v2\/posts"}],"about":[{"href":"https:\/\/www.fener.org\/index.php\/wp-json\/wp\/v2\/types\/post"}],"author":[{"embeddable":true,"href":"https:\/\/www.fener.org\/index.php\/wp-json\/wp\/v2\/users\/1"}],"replies":[{"embeddable":true,"href":"https:\/\/www.fener.org\/index.php\/wp-json\/wp\/v2\/comments?post=7323"}],"version-history":[{"count":1,"href":"https:\/\/www.fener.org\/index.php\/wp-json\/wp\/v2\/posts\/7323\/revisions"}],"predecessor-version":[{"id":7324,"href":"https:\/\/www.fener.org\/index.php\/wp-json\/wp\/v2\/posts\/7323\/revisions\/7324"}],"wp:featuredmedia":[{"embeddable":true,"href":"https:\/\/www.fener.org\/index.php\/wp-json\/wp\/v2\/media\/7269"}],"wp:attachment":[{"href":"https:\/\/www.fener.org\/index.php\/wp-json\/wp\/v2\/media?parent=7323"}],"wp:term":[{"taxonomy":"category","embeddable":true,"href":"https:\/\/www.fener.org\/index.php\/wp-json\/wp\/v2\/categories?post=7323"},{"taxonomy":"post_tag","embeddable":true,"href":"https:\/\/www.fener.org\/index.php\/wp-json\/wp\/v2\/tags?post=7323"}],"curies":[{"name":"wp","href":"https:\/\/api.w.org\/{rel}","templated":true}]}}