{"id":7271,"date":"2019-04-26T23:07:08","date_gmt":"2019-04-26T20:07:08","guid":{"rendered":"https:\/\/www.fener.org\/?p=7271"},"modified":"2019-04-26T23:07:12","modified_gmt":"2019-04-26T20:07:12","slug":"takimimiz-kampa-girdi-2","status":"publish","type":"post","link":"https:\/\/www.fener.org\/index.php\/2019\/04\/26\/takimimiz-kampa-girdi-2\/","title":{"rendered":"Tak\u0131m\u0131m\u0131z kampa girdi"},"content":{"rendered":"\n<p>Fenerbah\u00e7emiz, 27 Nisan Cumartesi g\u00fcn\u00fc \u00dclker Stadyumu Fenerbah\u00e7e \u015e\u00fckr\u00fc Saraco\u011flu Spor Kompleksi\u2019nde Trabzonspor ile oynayaca\u011f\u0131 lig ma\u00e7\u0131n\u0131n haz\u0131rl\u0131klar\u0131n\u0131 ak\u015fam saatlerinde Can Bartu Tesislerimizde yapt\u0131\u011f\u0131 antrenmanla tamamlad\u0131.<\/p>\n\n\n\n<p>Teknik Direkt\u00f6r\u00fcm\u00fcz Ersun Yanal y\u00f6netimindeki antrenman saat 18.00\u2019de ba\u015flad\u0131. Ko\u015fu, \u0131s\u0131nma ve koordinasyon hareketlerinin ard\u0131ndan 3 gruba ayr\u0131lan oyuncular\u0131m\u0131z, 5\u2019e 2 top kapma ve pas \u00e7al\u0131\u015fmas\u0131 yapt\u0131. Dar alanda yap\u0131lan \u00e7ift kale ma\u00e7larla devam eden idman, taktiksel ve bireysel \u00e7al\u0131\u015fmalarla noktaland\u0131.<\/p>\n\n\n\n<p>Tak\u0131m\u0131m\u0131z, bu antrenmanla Trabzonspor ma\u00e7\u0131 haz\u0131rl\u0131klar\u0131n\u0131 tamamlayarak kampa girdi.<\/p>\n","protected":false},"excerpt":{"rendered":"<p>Fenerbah\u00e7emiz, 27 Nisan Cumartesi g\u00fcn\u00fc \u00dclker Stadyumu Fenerbah\u00e7e \u015e\u00fckr\u00fc Saraco\u011flu Spor Kompleksi\u2019nde Trabzonspor ile oynayaca\u011f\u0131 lig ma\u00e7\u0131n\u0131n haz\u0131rl\u0131klar\u0131n\u0131 ak\u015fam saatlerinde Can Bartu Tesislerimizde yapt\u0131\u011f\u0131 antrenmanla tamamlad\u0131. Teknik Direkt\u00f6r\u00fcm\u00fcz Ersun Yanal y\u00f6netimindeki antrenman saat 18.00\u2019de ba\u015flad\u0131. Ko\u015fu, \u0131s\u0131nma ve koordinasyon hareketlerinin ard\u0131ndan 3 gruba ayr\u0131lan oyuncular\u0131m\u0131z, 5\u2019e 2 top kapma ve pas \u00e7al\u0131\u015fmas\u0131 yapt\u0131. Dar alanda [&hellip;]<\/p>\n","protected":false},"author":1,"featured_media":7272,"comment_status":"closed","ping_status":"closed","sticky":false,"template":"","format":"standard","meta":{"jnews-multi-image_gallery":[],"jnews_single_post":{"subtitle":"","format":"standard","video":"","gallery":"","source_name":"","source_url":"","via_name":"","via_url":"","override":[{"single_blog_custom":"","sidebar":"","second_sidebar":"","share_position":"","share_float_style":"","post_date_format":"","post_date_format_custom":"","post_reading_time_wpm":"","number_popup_post":"1"}],"image_override":[{"single_post_thumbnail_size":"","single_post_gallery_size":""}],"trending_post_position":"","trending_post_label":""},"jnews_primary_category":{"id":"4"},"jnews_social_meta":{"fb_title":"","fb_description":"","fb_image":"","twitter_title":"","twitter_description":"","twitter_image":""},"jnews_override_counter":{"view_counter_number":"0","share_counter_number":"0","like_counter_number":"0","dislike_counter_number":"0"},"footnotes":""},"categories":[4,2,47],"tags":[23,54],"class_list":["post-7271","post","type-post","status-publish","format-standard","has-post-thumbnail","hentry","category-futbol","category-haberler","category-profesyonel-a-futbol-takimi","tag-fenerbahce","tag-futbol"],"amp_enabled":true,"_links":{"self":[{"href":"https:\/\/www.fener.org\/index.php\/wp-json\/wp\/v2\/posts\/7271","targetHints":{"allow":["GET"]}}],"collection":[{"href":"https:\/\/www.fener.org\/index.php\/wp-json\/wp\/v2\/posts"}],"about":[{"href":"https:\/\/www.fener.org\/index.php\/wp-json\/wp\/v2\/types\/post"}],"author":[{"embeddable":true,"href":"https:\/\/www.fener.org\/index.php\/wp-json\/wp\/v2\/users\/1"}],"replies":[{"embeddable":true,"href":"https:\/\/www.fener.org\/index.php\/wp-json\/wp\/v2\/comments?post=7271"}],"version-history":[{"count":1,"href":"https:\/\/www.fener.org\/index.php\/wp-json\/wp\/v2\/posts\/7271\/revisions"}],"predecessor-version":[{"id":7273,"href":"https:\/\/www.fener.org\/index.php\/wp-json\/wp\/v2\/posts\/7271\/revisions\/7273"}],"wp:featuredmedia":[{"embeddable":true,"href":"https:\/\/www.fener.org\/index.php\/wp-json\/wp\/v2\/media\/7272"}],"wp:attachment":[{"href":"https:\/\/www.fener.org\/index.php\/wp-json\/wp\/v2\/media?parent=7271"}],"wp:term":[{"taxonomy":"category","embeddable":true,"href":"https:\/\/www.fener.org\/index.php\/wp-json\/wp\/v2\/categories?post=7271"},{"taxonomy":"post_tag","embeddable":true,"href":"https:\/\/www.fener.org\/index.php\/wp-json\/wp\/v2\/tags?post=7271"}],"curies":[{"name":"wp","href":"https:\/\/api.w.org\/{rel}","templated":true}]}}