{"id":7053,"date":"2019-04-13T17:33:41","date_gmt":"2019-04-13T14:33:41","guid":{"rendered":"https:\/\/www.fener.org\/?p=7053"},"modified":"2019-04-13T17:33:45","modified_gmt":"2019-04-13T14:33:45","slug":"can-bartumuz-son-yolculuguna-ugurlandi","status":"publish","type":"post","link":"https:\/\/www.fener.org\/index.php\/2019\/04\/13\/can-bartumuz-son-yolculuguna-ugurlandi\/","title":{"rendered":"Can Bartu&#8217;muz son yolculu\u011funa u\u011furland\u0131"},"content":{"rendered":"\n<p>Marmara \u0130lahiyat Fak\u00fcltesi Camii\u2019nde d\u00fczenlenen cenaze t\u00f6renine Bartu ailesinin fertleri, Ba\u015fkan\u0131m\u0131z Ali Ko\u00e7, Y\u00fcksek Divan Kurulu Ba\u015fkan\u0131m\u0131z Vefa K\u00fc\u00e7\u00fck ve y\u00f6neticilerimizin yan\u0131 s\u0131ra; Gen\u00e7lik ve Spor Bakan\u0131 Mehmet Muharrem Kasapo\u011flu, eski Gen\u00e7lik ve Spor Bakan\u0131, \u0130stanbul Milletvekili Akif \u00c7a\u011fatay K\u0131l\u0131\u00e7, \u0130stanbul Milletvekili Mehmet Akif Hamza\u00e7ebi, \u0130stanbul Milletvekili G\u00fcrsel Tekin, CHP Genel Ba\u015fkan Yard\u0131mc\u0131s\u0131 Muharrem Erkek, Kad\u0131k\u00f6y Belediye Ba\u015fkan\u0131 \u015eerdil Dara Odaba\u015f\u0131, \u00dcsk\u00fcdar Belediye Ba\u015fkan\u0131 Hilmi T\u00fcrkmen, TFF Ba\u015fkan\u0131 H\u00fcsn\u00fc G\u00fcreli, eski ba\u015fkan\u0131m\u0131z Aziz Y\u0131ld\u0131r\u0131m ve eski y\u00f6neticilerimiz, Galatasaray Spor Kul\u00fcb\u00fc Ba\u015fkan\u0131 Mustafa Cengiz, Galatasaray Teknik Direkt\u00f6r\u00fc Fatih Terim, Be\u015fikta\u015f ve A Milli Futbol Tak\u0131m\u0131 Teknik Direkt\u00f6r\u00fc \u015eenol G\u00fcne\u015f, \u015fubelerimizden sporcu ve y\u00f6neticiler, eski sporcular\u0131m\u0131z, kul\u00fcp \u00e7al\u0131\u015fanlar\u0131, taraftarlar\u0131m\u0131z, i\u015f, siyaset, sanat ve spor d\u00fcnyas\u0131ndan bir\u00e7ok isim ile Can Bartu\u2019nun sevenleri ve yak\u0131nlar\u0131 kat\u0131ld\u0131.<\/p>\n\n\n\n<p>Merhum Can Bartu, \u00f6\u011fle namaz\u0131na m\u00fcteakip k\u0131l\u0131nan cenaze namaz\u0131n\u0131n ard\u0131ndan Karacaahmet Mezarl\u0131\u011f\u0131\u2019nda topra\u011fa verildi.<\/p>\n","protected":false},"excerpt":{"rendered":"<p>Marmara \u0130lahiyat Fak\u00fcltesi Camii\u2019nde d\u00fczenlenen cenaze t\u00f6renine Bartu ailesinin fertleri, Ba\u015fkan\u0131m\u0131z Ali Ko\u00e7, Y\u00fcksek Divan Kurulu Ba\u015fkan\u0131m\u0131z Vefa K\u00fc\u00e7\u00fck ve y\u00f6neticilerimizin yan\u0131 s\u0131ra; Gen\u00e7lik ve Spor Bakan\u0131 Mehmet Muharrem Kasapo\u011flu, eski Gen\u00e7lik ve Spor Bakan\u0131, \u0130stanbul Milletvekili Akif \u00c7a\u011fatay K\u0131l\u0131\u00e7, \u0130stanbul Milletvekili Mehmet Akif Hamza\u00e7ebi, \u0130stanbul Milletvekili G\u00fcrsel Tekin, CHP Genel Ba\u015fkan Yard\u0131mc\u0131s\u0131 Muharrem Erkek, [&hellip;]<\/p>\n","protected":false},"author":1,"featured_media":7054,"comment_status":"closed","ping_status":"closed","sticky":false,"template":"","format":"standard","meta":{"jnews-multi-image_gallery":[],"jnews_single_post":{"subtitle":"Ad\u0131 Fenerbah\u00e7emiz ile \u00f6zde\u015fle\u015fmi\u015f efsanemiz Can Bartu, bug\u00fcn d\u00fczenlenen t\u00f6renle son yolculu\u011funa u\u011furland\u0131.","format":"standard","video":"","gallery":"","source_name":"","source_url":"","via_name":"","via_url":"","override":[{"single_blog_custom":"","sidebar":"","second_sidebar":"","share_position":"","share_float_style":"","post_date_format":"","post_date_format_custom":"","post_reading_time_wpm":"","number_popup_post":"1"}],"image_override":[{"single_post_thumbnail_size":"","single_post_gallery_size":""}],"trending_post_position":"","trending_post_label":""},"jnews_primary_category":{"id":"3"},"jnews_social_meta":{"fb_title":"","fb_description":"","fb_image":"","twitter_title":"","twitter_description":"","twitter_image":""},"jnews_override_counter":{"view_counter_number":"0","share_counter_number":"0","like_counter_number":"0","dislike_counter_number":"0"},"footnotes":""},"categories":[2,3],"tags":[],"class_list":["post-7053","post","type-post","status-publish","format-standard","has-post-thumbnail","hentry","category-haberler","category-kulup"],"amp_enabled":true,"_links":{"self":[{"href":"https:\/\/www.fener.org\/index.php\/wp-json\/wp\/v2\/posts\/7053","targetHints":{"allow":["GET"]}}],"collection":[{"href":"https:\/\/www.fener.org\/index.php\/wp-json\/wp\/v2\/posts"}],"about":[{"href":"https:\/\/www.fener.org\/index.php\/wp-json\/wp\/v2\/types\/post"}],"author":[{"embeddable":true,"href":"https:\/\/www.fener.org\/index.php\/wp-json\/wp\/v2\/users\/1"}],"replies":[{"embeddable":true,"href":"https:\/\/www.fener.org\/index.php\/wp-json\/wp\/v2\/comments?post=7053"}],"version-history":[{"count":1,"href":"https:\/\/www.fener.org\/index.php\/wp-json\/wp\/v2\/posts\/7053\/revisions"}],"predecessor-version":[{"id":7055,"href":"https:\/\/www.fener.org\/index.php\/wp-json\/wp\/v2\/posts\/7053\/revisions\/7055"}],"wp:featuredmedia":[{"embeddable":true,"href":"https:\/\/www.fener.org\/index.php\/wp-json\/wp\/v2\/media\/7054"}],"wp:attachment":[{"href":"https:\/\/www.fener.org\/index.php\/wp-json\/wp\/v2\/media?parent=7053"}],"wp:term":[{"taxonomy":"category","embeddable":true,"href":"https:\/\/www.fener.org\/index.php\/wp-json\/wp\/v2\/categories?post=7053"},{"taxonomy":"post_tag","embeddable":true,"href":"https:\/\/www.fener.org\/index.php\/wp-json\/wp\/v2\/tags?post=7053"}],"curies":[{"name":"wp","href":"https:\/\/api.w.org\/{rel}","templated":true}]}}