{"id":6848,"date":"2019-03-31T22:15:22","date_gmt":"2019-03-31T19:15:22","guid":{"rendered":"https:\/\/www.fener.org\/?p=6848"},"modified":"2019-03-31T22:15:26","modified_gmt":"2019-03-31T19:15:26","slug":"serhat-gulerden-bronz-madalya","status":"publish","type":"post","link":"https:\/\/www.fener.org\/index.php\/2019\/03\/31\/serhat-gulerden-bronz-madalya\/","title":{"rendered":"Serhat G\u00fcler\u2019den bronz madalya"},"content":{"rendered":"\n<p>Azerbaycan\u2019\u0131n ba\u015fkenti Bak\u00fc\u2019de d\u00fczenlenen \u0130pek Yolu Boks Turnuvas\u0131\u2019nda milli forma alt\u0131nda 75 kiloda m\u00fccadele eden sporcumuz Serhat G\u00fcler, bronz madalya kazand\u0131.<\/p>\n\n\n\n<p>G\u00fcrc\u00fc rakibini ve ard\u0131ndan \u00d6zbek rakibini ma\u011flup ederek yar\u0131 finale y\u00fckselen Serhat G\u00fcler, 2016 Rio Olimpiyatlar\u0131\u2019nda \u00fc\u00e7\u00fcnc\u00fc olan Azeri rakibi Kamran Shakhsuvarly ile finale y\u00fckselme m\u00fccadelesi verdi. Ortada ge\u00e7en ma\u00e7\u0131 puanla kaybeden Fenerbah\u00e7eli milli boks\u00f6r, \u0130pek Yolu Boks Turnuvas\u0131\u2019n\u0131 bronz madalya ile tamamlad\u0131.<\/p>\n\n\n\n<p>Milli boks\u00f6r Serhat G\u00fcler, ge\u00e7ti\u011fimiz ay Bulgaristan\u2019da d\u00fczenlenen 70. Uluslararas\u0131 Strandja Boks Turnuvas\u0131\u2019nda da g\u00fcm\u00fc\u015f madalya kazanm\u0131\u015ft\u0131.<\/p>\n","protected":false},"excerpt":{"rendered":"<p>Azerbaycan\u2019\u0131n ba\u015fkenti Bak\u00fc\u2019de d\u00fczenlenen \u0130pek Yolu Boks Turnuvas\u0131\u2019nda milli forma alt\u0131nda 75 kiloda m\u00fccadele eden sporcumuz Serhat G\u00fcler, bronz madalya kazand\u0131. G\u00fcrc\u00fc rakibini ve ard\u0131ndan \u00d6zbek rakibini ma\u011flup ederek yar\u0131 finale y\u00fckselen Serhat G\u00fcler, 2016 Rio Olimpiyatlar\u0131\u2019nda \u00fc\u00e7\u00fcnc\u00fc olan Azeri rakibi Kamran Shakhsuvarly ile finale y\u00fckselme m\u00fccadelesi verdi. Ortada ge\u00e7en ma\u00e7\u0131 puanla kaybeden Fenerbah\u00e7eli milli [&hellip;]<\/p>\n","protected":false},"author":1,"featured_media":6822,"comment_status":"closed","ping_status":"closed","sticky":false,"template":"","format":"standard","meta":{"jnews-multi-image_gallery":[],"jnews_single_post":{"subtitle":"Serhat G\u00fcler, \u0130pek Yolu Boks Turnuvas\u0131\u2019nda bronz madalya kazand\u0131.","format":"standard","video":"","gallery":"","source_name":"","source_url":"","via_name":"","via_url":"","override":[{"single_blog_custom":"","sidebar":"","second_sidebar":"","share_position":"","share_float_style":"","post_date_format":"","post_date_format_custom":"","post_reading_time_wpm":"","number_popup_post":"1"}],"image_override":[{"single_post_thumbnail_size":"","single_post_gallery_size":""}],"trending_post_position":"","trending_post_label":""},"jnews_primary_category":{"id":"15"},"jnews_social_meta":{"fb_title":"","fb_description":"","fb_image":"","twitter_title":"","twitter_description":"","twitter_image":""},"jnews_override_counter":{"view_counter_number":"0","share_counter_number":"0","like_counter_number":"0","dislike_counter_number":"0"},"footnotes":""},"categories":[15,2],"tags":[34,23],"class_list":["post-6848","post","type-post","status-publish","format-standard","has-post-thumbnail","hentry","category-boks","category-haberler","tag-boks","tag-fenerbahce"],"amp_enabled":true,"_links":{"self":[{"href":"https:\/\/www.fener.org\/index.php\/wp-json\/wp\/v2\/posts\/6848","targetHints":{"allow":["GET"]}}],"collection":[{"href":"https:\/\/www.fener.org\/index.php\/wp-json\/wp\/v2\/posts"}],"about":[{"href":"https:\/\/www.fener.org\/index.php\/wp-json\/wp\/v2\/types\/post"}],"author":[{"embeddable":true,"href":"https:\/\/www.fener.org\/index.php\/wp-json\/wp\/v2\/users\/1"}],"replies":[{"embeddable":true,"href":"https:\/\/www.fener.org\/index.php\/wp-json\/wp\/v2\/comments?post=6848"}],"version-history":[{"count":1,"href":"https:\/\/www.fener.org\/index.php\/wp-json\/wp\/v2\/posts\/6848\/revisions"}],"predecessor-version":[{"id":6849,"href":"https:\/\/www.fener.org\/index.php\/wp-json\/wp\/v2\/posts\/6848\/revisions\/6849"}],"wp:featuredmedia":[{"embeddable":true,"href":"https:\/\/www.fener.org\/index.php\/wp-json\/wp\/v2\/media\/6822"}],"wp:attachment":[{"href":"https:\/\/www.fener.org\/index.php\/wp-json\/wp\/v2\/media?parent=6848"}],"wp:term":[{"taxonomy":"category","embeddable":true,"href":"https:\/\/www.fener.org\/index.php\/wp-json\/wp\/v2\/categories?post=6848"},{"taxonomy":"post_tag","embeddable":true,"href":"https:\/\/www.fener.org\/index.php\/wp-json\/wp\/v2\/tags?post=6848"}],"curies":[{"name":"wp","href":"https:\/\/api.w.org\/{rel}","templated":true}]}}