{"id":6844,"date":"2019-03-31T13:59:57","date_gmt":"2019-03-31T10:59:57","guid":{"rendered":"https:\/\/www.fener.org\/?p=6844"},"modified":"2019-03-31T14:00:00","modified_gmt":"2019-03-31T11:00:00","slug":"u14-u15-ve-u16-takimlarimiz-kasimpasa-ile-mucadele-etti","status":"publish","type":"post","link":"https:\/\/www.fener.org\/index.php\/2019\/03\/31\/u14-u15-ve-u16-takimlarimiz-kasimpasa-ile-mucadele-etti\/","title":{"rendered":"U14, U15 ve U16 Tak\u0131mlar\u0131m\u0131z, Kas\u0131mpa\u015fa ile m\u00fccadele etti"},"content":{"rendered":"\n<p>Fenerbah\u00e7e U14, 15 ve 16 Ya\u015f Alt\u0131 Futbol Tak\u0131mlar\u0131m\u0131z, Spor Toto Geli\u015fim Ligi&#8217;nin 26. hafta m\u00fccadelesinde Kas\u0131mpa\u015fa ile kar\u015f\u0131 kar\u015f\u0131ya geldi.<\/p>\n\n\n\n<p><strong>U14: Kas\u0131mpa\u015fa 2-1 Fenerbah\u00e7e<\/strong><\/p>\n\n\n\n<p>Kemerburgaz Tesisleri 3 No\u2019lu Sahada Kas\u0131mpa\u015fa ile kar\u015f\u0131la\u015fan Fenerbah\u00e7e U14 Tak\u0131m\u0131m\u0131z, m\u00fccadeleden 2-1 ma\u011flup ayr\u0131ld\u0131. Ekibimizin tek gol\u00fc, Arda G\u00fcler\u2019den geldi.<\/p>\n\n\n\n<p><strong>U15: Fenerbah\u00e7e 1-1 Kas\u0131mpa\u015fa<\/strong><\/p>\n\n\n\n<p>15 Ya\u015f Alt\u0131 Futbol Tak\u0131m\u0131m\u0131z, U15 Ligi&#8217;nin 26. Haftas\u0131nda Kas\u0131mpa\u015fa\u2019y\u0131 konuk etti. Derea\u011fz\u0131 Lefter K\u00fc\u00e7\u00fckandonyadis Tesisleri\u2019nde oynanan m\u00fccadele 1-1\u2019lik e\u015fitlikle sona erdi. Tak\u0131m\u0131m\u0131z\u0131n tek gol\u00fcn\u00fc Erkan Arda kaydetti.<\/p>\n\n\n\n<p><strong>U16: Fenerbah\u00e7e 2-1 Kas\u0131mpa\u015fa<\/strong><\/p>\n\n\n\n<p>16 Ya\u015f Alt\u0131 Futbol Tak\u0131m\u0131m\u0131z, Derea\u011fz\u0131 Lefter K\u00fc\u00e7\u00fckandonyadis Tesisleri\u2019nde Kas\u0131mpa\u015fa ile kar\u015f\u0131la\u015ft\u0131. Tak\u0131m\u0131m\u0131z m\u00fccadeleden 2-1 galip ayr\u0131ld\u0131. Fenerbah\u00e7emize galibiyeti getiren golleri Ka\u011fan kaydetti.<\/p>\n","protected":false},"excerpt":{"rendered":"<p>Fenerbah\u00e7e U14, 15 ve 16 Ya\u015f Alt\u0131 Futbol Tak\u0131mlar\u0131m\u0131z, Spor Toto Geli\u015fim Ligi&#8217;nin 26. hafta m\u00fccadelesinde Kas\u0131mpa\u015fa ile kar\u015f\u0131 kar\u015f\u0131ya geldi. U14: Kas\u0131mpa\u015fa 2-1 Fenerbah\u00e7e Kemerburgaz Tesisleri 3 No\u2019lu Sahada Kas\u0131mpa\u015fa ile kar\u015f\u0131la\u015fan Fenerbah\u00e7e U14 Tak\u0131m\u0131m\u0131z, m\u00fccadeleden 2-1 ma\u011flup ayr\u0131ld\u0131. Ekibimizin tek gol\u00fc, Arda G\u00fcler\u2019den geldi. U15: Fenerbah\u00e7e 1-1 Kas\u0131mpa\u015fa 15 Ya\u015f Alt\u0131 Futbol Tak\u0131m\u0131m\u0131z, [&hellip;]<\/p>\n","protected":false},"author":1,"featured_media":1282,"comment_status":"closed","ping_status":"closed","sticky":false,"template":"","format":"standard","meta":{"jnews-multi-image_gallery":[],"jnews_single_post":{"subtitle":"","format":"standard","video":"","gallery":"","source_name":"","source_url":"","via_name":"","via_url":"","override":[{"single_blog_custom":"","sidebar":"","second_sidebar":"","share_position":"","share_float_style":"","post_date_format":"","post_date_format_custom":"","post_reading_time_wpm":"","number_popup_post":"1"}],"image_override":[{"single_post_thumbnail_size":"","single_post_gallery_size":""}],"trending_post_position":"","trending_post_label":""},"jnews_primary_category":{"id":"4"},"jnews_social_meta":{"fb_title":"","fb_description":"","fb_image":"","twitter_title":"","twitter_description":"","twitter_image":""},"jnews_override_counter":{"view_counter_number":"0","share_counter_number":"0","like_counter_number":"0","dislike_counter_number":"0"},"footnotes":""},"categories":[4,17,2],"tags":[23,54],"class_list":["post-6844","post","type-post","status-publish","format-standard","has-post-thumbnail","hentry","category-futbol","category-futbol-altyapi","category-haberler","tag-fenerbahce","tag-futbol"],"amp_enabled":true,"_links":{"self":[{"href":"https:\/\/www.fener.org\/index.php\/wp-json\/wp\/v2\/posts\/6844","targetHints":{"allow":["GET"]}}],"collection":[{"href":"https:\/\/www.fener.org\/index.php\/wp-json\/wp\/v2\/posts"}],"about":[{"href":"https:\/\/www.fener.org\/index.php\/wp-json\/wp\/v2\/types\/post"}],"author":[{"embeddable":true,"href":"https:\/\/www.fener.org\/index.php\/wp-json\/wp\/v2\/users\/1"}],"replies":[{"embeddable":true,"href":"https:\/\/www.fener.org\/index.php\/wp-json\/wp\/v2\/comments?post=6844"}],"version-history":[{"count":1,"href":"https:\/\/www.fener.org\/index.php\/wp-json\/wp\/v2\/posts\/6844\/revisions"}],"predecessor-version":[{"id":6845,"href":"https:\/\/www.fener.org\/index.php\/wp-json\/wp\/v2\/posts\/6844\/revisions\/6845"}],"wp:featuredmedia":[{"embeddable":true,"href":"https:\/\/www.fener.org\/index.php\/wp-json\/wp\/v2\/media\/1282"}],"wp:attachment":[{"href":"https:\/\/www.fener.org\/index.php\/wp-json\/wp\/v2\/media?parent=6844"}],"wp:term":[{"taxonomy":"category","embeddable":true,"href":"https:\/\/www.fener.org\/index.php\/wp-json\/wp\/v2\/categories?post=6844"},{"taxonomy":"post_tag","embeddable":true,"href":"https:\/\/www.fener.org\/index.php\/wp-json\/wp\/v2\/tags?post=6844"}],"curies":[{"name":"wp","href":"https:\/\/api.w.org\/{rel}","templated":true}]}}