{"id":6824,"date":"2019-03-29T10:08:44","date_gmt":"2019-03-29T07:08:44","guid":{"rendered":"https:\/\/www.fener.org\/?p=6824"},"modified":"2019-03-29T10:08:48","modified_gmt":"2019-03-29T07:08:48","slug":"melih-mahmutoglu-gercek-hayat-simdi-basliyor","status":"publish","type":"post","link":"https:\/\/www.fener.org\/index.php\/2019\/03\/29\/melih-mahmutoglu-gercek-hayat-simdi-basliyor\/","title":{"rendered":"Melih Mahmuto\u011flu: Ger\u00e7ek hayat \u015fimdi ba\u015fl\u0131yor"},"content":{"rendered":"\n<p>\u00d6nemli eksiklere ra\u011fmen sahaya karakter koyduklar\u0131n\u0131 belirten Melih, \u015funlar\u0131 s\u00f6yledi:<\/p>\n\n\n\n<blockquote class=\"wp-block-quote is-layout-flow wp-block-quote-is-layout-flow\"><p>\u201cEuroLeague\u2019i lider bitirmek istiyorduk. \u00d6nemli eksiklerimize ra\u011fmen sahaya karakter koyduk. Mutluyuz. Ne kadar b\u00fcy\u00fck bir tak\u0131m oldu\u011fumuzu g\u00f6sterdik. T\u00fcm tak\u0131m arkada\u015flar\u0131m\u0131n ellerine kollar\u0131na sa\u011fl\u0131k. Bizi burada destekleyen taraftarlar\u0131m\u0131za da te\u015fekk\u00fcr ediyorum. Ger\u00e7ek hayat \u015fimdi ba\u015fl\u0131yor. T\u00fcrkiye Ligi\u2019nde de \u00f6nemli ma\u00e7lar oynayaca\u011f\u0131z. Sezonun en \u00f6nemli b\u00f6l\u00fcm\u00fcne geliyoruz. \u0130n\u015fallah sakatlar\u0131m\u0131z da iyile\u015fir. Her ma\u00e7a kazanmak i\u00e7in \u00e7\u0131k\u0131yoruz. G\u00fczel bir \u015fekilde \u0130stanbul\u2019a d\u00f6n\u00fcyoruz.\u201d<\/p><\/blockquote>\n","protected":false},"excerpt":{"rendered":"<p>\u00d6nemli eksiklere ra\u011fmen sahaya karakter koyduklar\u0131n\u0131 belirten Melih, \u015funlar\u0131 s\u00f6yledi: \u201cEuroLeague\u2019i lider bitirmek istiyorduk. \u00d6nemli eksiklerimize ra\u011fmen sahaya karakter koyduk. Mutluyuz. Ne kadar b\u00fcy\u00fck bir tak\u0131m oldu\u011fumuzu g\u00f6sterdik. T\u00fcm tak\u0131m arkada\u015flar\u0131m\u0131n ellerine kollar\u0131na sa\u011fl\u0131k. Bizi burada destekleyen taraftarlar\u0131m\u0131za da te\u015fekk\u00fcr ediyorum. Ger\u00e7ek hayat \u015fimdi ba\u015fl\u0131yor. T\u00fcrkiye Ligi\u2019nde de \u00f6nemli ma\u00e7lar oynayaca\u011f\u0131z. Sezonun en \u00f6nemli b\u00f6l\u00fcm\u00fcne [&hellip;]<\/p>\n","protected":false},"author":1,"featured_media":6825,"comment_status":"closed","ping_status":"closed","sticky":false,"template":"","format":"standard","meta":{"jnews-multi-image_gallery":[],"jnews_single_post":{"subtitle":"Fenerbah\u00e7e Erkek Basketbol Tak\u0131m\u0131m\u0131z\u0131n kaptan\u0131 Melih Mahmuto\u011flu, AX Armani Exchange Olimpia Milan galibiyetinin ard\u0131ndan FB TV'ye a\u00e7\u0131klamalarda bulundu.","format":"standard","video":"","gallery":"","source_name":"","source_url":"","via_name":"","via_url":"","override":[{"single_blog_custom":"","sidebar":"","second_sidebar":"","share_position":"","share_float_style":"","post_date_format":"","post_date_format_custom":"","post_reading_time_wpm":"","number_popup_post":"1"}],"image_override":[{"single_post_thumbnail_size":"","single_post_gallery_size":""}],"trending_post_position":"","trending_post_label":""},"jnews_primary_category":{"id":"5"},"jnews_social_meta":{"fb_title":"","fb_description":"","fb_image":"","twitter_title":"","twitter_description":"","twitter_image":""},"jnews_override_counter":{"view_counter_number":"0","share_counter_number":"0","like_counter_number":"0","dislike_counter_number":"0"},"footnotes":""},"categories":[5,6,2],"tags":[74,23,79],"class_list":["post-6824","post","type-post","status-publish","format-standard","has-post-thumbnail","hentry","category-basketbol","category-erkek-basketbol","category-haberler","tag-euroleague","tag-fenerbahce","tag-neverenough"],"amp_enabled":true,"_links":{"self":[{"href":"https:\/\/www.fener.org\/index.php\/wp-json\/wp\/v2\/posts\/6824","targetHints":{"allow":["GET"]}}],"collection":[{"href":"https:\/\/www.fener.org\/index.php\/wp-json\/wp\/v2\/posts"}],"about":[{"href":"https:\/\/www.fener.org\/index.php\/wp-json\/wp\/v2\/types\/post"}],"author":[{"embeddable":true,"href":"https:\/\/www.fener.org\/index.php\/wp-json\/wp\/v2\/users\/1"}],"replies":[{"embeddable":true,"href":"https:\/\/www.fener.org\/index.php\/wp-json\/wp\/v2\/comments?post=6824"}],"version-history":[{"count":1,"href":"https:\/\/www.fener.org\/index.php\/wp-json\/wp\/v2\/posts\/6824\/revisions"}],"predecessor-version":[{"id":6826,"href":"https:\/\/www.fener.org\/index.php\/wp-json\/wp\/v2\/posts\/6824\/revisions\/6826"}],"wp:featuredmedia":[{"embeddable":true,"href":"https:\/\/www.fener.org\/index.php\/wp-json\/wp\/v2\/media\/6825"}],"wp:attachment":[{"href":"https:\/\/www.fener.org\/index.php\/wp-json\/wp\/v2\/media?parent=6824"}],"wp:term":[{"taxonomy":"category","embeddable":true,"href":"https:\/\/www.fener.org\/index.php\/wp-json\/wp\/v2\/categories?post=6824"},{"taxonomy":"post_tag","embeddable":true,"href":"https:\/\/www.fener.org\/index.php\/wp-json\/wp\/v2\/tags?post=6824"}],"curies":[{"name":"wp","href":"https:\/\/api.w.org\/{rel}","templated":true}]}}