{"id":6766,"date":"2019-03-24T18:04:32","date_gmt":"2019-03-24T15:04:32","guid":{"rendered":"https:\/\/www.fener.org\/?p=6766"},"modified":"2019-03-24T18:04:36","modified_gmt":"2019-03-24T15:04:36","slug":"obradovic-oyuncularimi-tebrik-ediyorum-3","status":"publish","type":"post","link":"https:\/\/www.fener.org\/index.php\/2019\/03\/24\/obradovic-oyuncularimi-tebrik-ediyorum-3\/","title":{"rendered":"Obradovic: Oyuncular\u0131m\u0131 tebrik ediyorum"},"content":{"rendered":"\n<p>Obradovic, Fenerbah\u00e7e Beko&#8217;nun Tofa\u015f&#8217;\u0131 ma\u011flup etti\u011fi m\u00fccadele sonras\u0131nda d\u00fczenlenen bas\u0131n toplant\u0131s\u0131nda \u015funlar\u0131 s\u00f6yledi: <\/p>\n\n\n\n<blockquote class=\"wp-block-quote is-layout-flow wp-block-quote-is-layout-flow\"><p>&#8220;Oyuncularda ya\u015fad\u0131\u011f\u0131m\u0131z sakatl\u0131k sorunlar\u0131ndan dolay\u0131 ilk saniyeden itibaren agresif ve ciddi bir ma\u00e7 oynamam\u0131z gerekiyordu. Bug\u00fcn oynama \u015feklimizden \u00e7ok mutluyum. Oyuncular\u0131m\u0131 tebrik ediyorum. \u00d6zellikle savunma a\u00e7\u0131s\u0131ndan \u00e7ok iyiydiler. H\u00fccumda da topu \u00e7ok iyi kulland\u0131lar ve 23 asistimiz vard\u0131. H\u00fccum ribaundlar\u0131nda da agresiftik. \u00d6zellikle Ahmet bug\u00fcn \u00e7ok iyi oynad\u0131. Oyuncular\u0131m\u0131 bu g\u00fczel ma\u00e7 ve \u00f6nemli galibiyet i\u00e7in tebrik ediyorum. Taraftara da her zamanki gibi destekledikleri i\u00e7in te\u015fekk\u00fcr ediyorum.\u201d<\/p><\/blockquote>\n","protected":false},"excerpt":{"rendered":"<p>Obradovic, Fenerbah\u00e7e Beko&#8217;nun Tofa\u015f&#8217;\u0131 ma\u011flup etti\u011fi m\u00fccadele sonras\u0131nda d\u00fczenlenen bas\u0131n toplant\u0131s\u0131nda \u015funlar\u0131 s\u00f6yledi: &#8220;Oyuncularda ya\u015fad\u0131\u011f\u0131m\u0131z sakatl\u0131k sorunlar\u0131ndan dolay\u0131 ilk saniyeden itibaren agresif ve ciddi bir ma\u00e7 oynamam\u0131z gerekiyordu. Bug\u00fcn oynama \u015feklimizden \u00e7ok mutluyum. Oyuncular\u0131m\u0131 tebrik ediyorum. \u00d6zellikle savunma a\u00e7\u0131s\u0131ndan \u00e7ok iyiydiler. H\u00fccumda da topu \u00e7ok iyi kulland\u0131lar ve 23 asistimiz vard\u0131. H\u00fccum ribaundlar\u0131nda da agresiftik. [&hellip;]<\/p>\n","protected":false},"author":1,"featured_media":6767,"comment_status":"closed","ping_status":"closed","sticky":false,"template":"","format":"standard","meta":{"jnews-multi-image_gallery":[],"jnews_single_post":{"subtitle":"Fenerbah\u00e7e Erkek Basketbol Tak\u0131m\u0131m\u0131z\u0131n Ba\u015fantren\u00f6r\u00fc Zeljko Obradovic, Tofa\u015f kar\u015f\u0131s\u0131nda al\u0131nan galibiyetin ard\u0131ndan a\u00e7\u0131klamalarda bulundu.","format":"standard","video":"","gallery":"","source_name":"","source_url":"","via_name":"","via_url":"","override":[{"single_blog_custom":"","sidebar":"","second_sidebar":"","share_position":"","share_float_style":"","post_date_format":"","post_date_format_custom":"","post_reading_time_wpm":"","number_popup_post":"1"}],"image_override":[{"single_post_thumbnail_size":"","single_post_gallery_size":""}],"trending_post_position":"","trending_post_label":""},"jnews_primary_category":{"id":"5"},"jnews_social_meta":{"fb_title":"","fb_description":"","fb_image":"","twitter_title":"","twitter_description":"","twitter_image":""},"jnews_override_counter":{"view_counter_number":"0","share_counter_number":"0","like_counter_number":"0","dislike_counter_number":"0"},"footnotes":""},"categories":[5,6,2],"tags":[24,23,79],"class_list":["post-6766","post","type-post","status-publish","format-standard","has-post-thumbnail","hentry","category-basketbol","category-erkek-basketbol","category-haberler","tag-basketbol","tag-fenerbahce","tag-neverenough"],"amp_enabled":true,"_links":{"self":[{"href":"https:\/\/www.fener.org\/index.php\/wp-json\/wp\/v2\/posts\/6766","targetHints":{"allow":["GET"]}}],"collection":[{"href":"https:\/\/www.fener.org\/index.php\/wp-json\/wp\/v2\/posts"}],"about":[{"href":"https:\/\/www.fener.org\/index.php\/wp-json\/wp\/v2\/types\/post"}],"author":[{"embeddable":true,"href":"https:\/\/www.fener.org\/index.php\/wp-json\/wp\/v2\/users\/1"}],"replies":[{"embeddable":true,"href":"https:\/\/www.fener.org\/index.php\/wp-json\/wp\/v2\/comments?post=6766"}],"version-history":[{"count":1,"href":"https:\/\/www.fener.org\/index.php\/wp-json\/wp\/v2\/posts\/6766\/revisions"}],"predecessor-version":[{"id":6768,"href":"https:\/\/www.fener.org\/index.php\/wp-json\/wp\/v2\/posts\/6766\/revisions\/6768"}],"wp:featuredmedia":[{"embeddable":true,"href":"https:\/\/www.fener.org\/index.php\/wp-json\/wp\/v2\/media\/6767"}],"wp:attachment":[{"href":"https:\/\/www.fener.org\/index.php\/wp-json\/wp\/v2\/media?parent=6766"}],"wp:term":[{"taxonomy":"category","embeddable":true,"href":"https:\/\/www.fener.org\/index.php\/wp-json\/wp\/v2\/categories?post=6766"},{"taxonomy":"post_tag","embeddable":true,"href":"https:\/\/www.fener.org\/index.php\/wp-json\/wp\/v2\/tags?post=6766"}],"curies":[{"name":"wp","href":"https:\/\/api.w.org\/{rel}","templated":true}]}}