{"id":6763,"date":"2019-03-24T15:40:18","date_gmt":"2019-03-24T12:40:18","guid":{"rendered":"https:\/\/www.fener.org\/?p=6763"},"modified":"2019-03-24T15:40:23","modified_gmt":"2019-03-24T12:40:23","slug":"fenerbahce-beko-89-56-tofas","status":"publish","type":"post","link":"https:\/\/www.fener.org\/index.php\/2019\/03\/24\/fenerbahce-beko-89-56-tofas\/","title":{"rendered":"Fenerbah\u00e7e Beko 89-56 Tofa\u015f"},"content":{"rendered":"\n<p>Fenerbah\u00e7e Beko, Tofa\u015f ile \u00dclker Spor ve Etkinlik Salonu\u2019nda oynanan kar\u015f\u0131la\u015fmada rakibini 89-56 ma\u011flup ederek evinde ligde \u00fcst \u00fcste 70. galibiyetini ald\u0131.<\/p>\n\n\n\n<p>Tak\u0131m\u0131m\u0131z ma\u00e7a Erick Green, Jan Vesely, Ahmet D\u00fcverio\u011flu, Marko Guduric ve Sinan G\u00fcler be\u015fiyle ba\u015flad\u0131.<\/p>\n\n\n\n<p>Hava at\u0131\u015f\u0131yla ba\u015flayan m\u00fccadelenin ilk say\u0131lar\u0131 Marko Guduric\u2019ten gelirken; Tofa\u015f Diante ve Muhsin ile \u00f6ne ge\u00e7ti(3-4). Erick Green ve Marko Guduric\u2019in pe\u015f pe\u015fe buldu\u011fu 5 say\u0131yla tekrar \u00f6ne ge\u00e7en Ekibimiz, Kaptan Melih Mahmuto\u011flu\u2019nun \u00fc\u00e7l\u00fc\u011f\u00fcyle \u00e7eyre\u011fi 22-17 \u00f6nde tamamlad\u0131.<\/p>\n\n\n\n<p>\u0130kinci \u00e7eyre\u011fe Nikola Kalinic\u2019in s\u0131rt\u0131 d\u00f6n\u00fck h\u00fccumundan buldu\u011fu say\u0131larla ba\u015flayan Fenerbah\u00e7e Beko, Melli\u2019nin smac\u0131yla fark\u0131 9 say\u0131ya kadar \u00e7\u0131kard\u0131 ve Tofa\u015f\u2019a mola ald\u0131rd\u0131. Molan\u0131n ard\u0131ndan da Melli\u2019nin smac\u0131yla d\u00f6nen Sar\u0131 Lacivertliler, Guduric ile fark\u0131 \u00e7ift hanelere \u00e7\u0131kard\u0131(31-19). Rakibine \u015fans tan\u0131mayan ve hem savunmada hem de h\u00fccumda etkili bir oyun sergileyen Fenerbah\u00e7e Beko, soyunma odas\u0131na 39-26 \u00f6nde giren taraf oldu.<\/p>\n\n\n\n<p>\u0130kinci yar\u0131ya Sinan G\u00fcler\u2019in \u00fc\u00e7 say\u0131l\u0131k basketiyle ba\u015flayan Ekibimiz, Erick Green ve Kalinic\u2019in \u00fc\u00e7l\u00fckleriyle skoru 48-31 yapt\u0131. Fark\u0131n 22 say\u0131ya kadar \u00e7\u0131kt\u0131\u011f\u0131 \u00fc\u00e7\u00fcnc\u00fc \u00e7eyre\u011fe nokta koyan isim Ahmet D\u00fcverio\u011flu oldu ve Fenerbah\u00e7e Beko, \u00e7eyre\u011fi 67-44 \u00f6nde bitirdi.<\/p>\n\n\n\n<p>Son \u00e7eyrekte de Ahmet D\u00fcverio\u011flu ile perdeyi a\u00e7an Sar\u0131 Lacivertliler, Kaptan Melih\u2019in \u00fc\u00e7 say\u0131l\u0131k isabetiyle skoru 72-46 yapt\u0131. Konuk ekip, Muhaymin ve Diante ile say\u0131lar \u00fcretse de Ekibimiz, Melih ve Ali Muhammed\u2019in al\u0131\u015f\u0131lagelmi\u015f \u00fc\u00e7l\u00fckleriyle fark\u0131 28 say\u0131ya \u00e7\u0131kard\u0131(80-52). Son ana kadar oyun hakimiyetini elinde bulunduran Fenerbah\u00e7e Beko, kar\u015f\u0131la\u015fmadan 33 say\u0131 farkla 89-56 galip ayr\u0131ld\u0131.<\/p>\n","protected":false},"excerpt":{"rendered":"<p>Fenerbah\u00e7e Beko, Tofa\u015f ile \u00dclker Spor ve Etkinlik Salonu\u2019nda oynanan kar\u015f\u0131la\u015fmada rakibini 89-56 ma\u011flup ederek evinde ligde \u00fcst \u00fcste 70. galibiyetini ald\u0131. Tak\u0131m\u0131m\u0131z ma\u00e7a Erick Green, Jan Vesely, Ahmet D\u00fcverio\u011flu, Marko Guduric ve Sinan G\u00fcler be\u015fiyle ba\u015flad\u0131. Hava at\u0131\u015f\u0131yla ba\u015flayan m\u00fccadelenin ilk say\u0131lar\u0131 Marko Guduric\u2019ten gelirken; Tofa\u015f Diante ve Muhsin ile \u00f6ne ge\u00e7ti(3-4). Erick Green [&hellip;]<\/p>\n","protected":false},"author":1,"featured_media":6764,"comment_status":"closed","ping_status":"closed","sticky":false,"template":"","format":"standard","meta":{"jnews-multi-image_gallery":[],"jnews_single_post":{"subtitle":"Fenerbah\u00e7e Erkek Basketbol Tak\u0131m\u0131m\u0131z, Tahincio\u011flu Basketbol S\u00fcper Ligi 23. hafta ma\u00e7\u0131nda Tofa\u015f ile oynad\u0131\u011f\u0131 m\u00fccadeleden galibiyetle ayr\u0131ld\u0131.","format":"standard","video":"","gallery":"","source_name":"","source_url":"","via_name":"","via_url":"","override":[{"single_blog_custom":"","sidebar":"","second_sidebar":"","share_position":"","share_float_style":"","post_date_format":"","post_date_format_custom":"","post_reading_time_wpm":"","number_popup_post":"1"}],"image_override":[{"single_post_thumbnail_size":"","single_post_gallery_size":""}],"trending_post_position":"","trending_post_label":""},"jnews_primary_category":{"id":"5"},"jnews_social_meta":{"fb_title":"","fb_description":"","fb_image":"","twitter_title":"","twitter_description":"","twitter_image":""},"jnews_override_counter":{"view_counter_number":"0","share_counter_number":"0","like_counter_number":"0","dislike_counter_number":"0"},"footnotes":""},"categories":[5,6,2],"tags":[24,23,79],"class_list":["post-6763","post","type-post","status-publish","format-standard","has-post-thumbnail","hentry","category-basketbol","category-erkek-basketbol","category-haberler","tag-basketbol","tag-fenerbahce","tag-neverenough"],"amp_enabled":true,"_links":{"self":[{"href":"https:\/\/www.fener.org\/index.php\/wp-json\/wp\/v2\/posts\/6763","targetHints":{"allow":["GET"]}}],"collection":[{"href":"https:\/\/www.fener.org\/index.php\/wp-json\/wp\/v2\/posts"}],"about":[{"href":"https:\/\/www.fener.org\/index.php\/wp-json\/wp\/v2\/types\/post"}],"author":[{"embeddable":true,"href":"https:\/\/www.fener.org\/index.php\/wp-json\/wp\/v2\/users\/1"}],"replies":[{"embeddable":true,"href":"https:\/\/www.fener.org\/index.php\/wp-json\/wp\/v2\/comments?post=6763"}],"version-history":[{"count":1,"href":"https:\/\/www.fener.org\/index.php\/wp-json\/wp\/v2\/posts\/6763\/revisions"}],"predecessor-version":[{"id":6765,"href":"https:\/\/www.fener.org\/index.php\/wp-json\/wp\/v2\/posts\/6763\/revisions\/6765"}],"wp:featuredmedia":[{"embeddable":true,"href":"https:\/\/www.fener.org\/index.php\/wp-json\/wp\/v2\/media\/6764"}],"wp:attachment":[{"href":"https:\/\/www.fener.org\/index.php\/wp-json\/wp\/v2\/media?parent=6763"}],"wp:term":[{"taxonomy":"category","embeddable":true,"href":"https:\/\/www.fener.org\/index.php\/wp-json\/wp\/v2\/categories?post=6763"},{"taxonomy":"post_tag","embeddable":true,"href":"https:\/\/www.fener.org\/index.php\/wp-json\/wp\/v2\/tags?post=6763"}],"curies":[{"name":"wp","href":"https:\/\/api.w.org\/{rel}","templated":true}]}}