{"id":6735,"date":"2019-03-21T12:09:36","date_gmt":"2019-03-21T09:09:36","guid":{"rendered":"https:\/\/www.fener.org\/?p=6735"},"modified":"2019-03-21T12:09:41","modified_gmt":"2019-03-21T09:09:41","slug":"u16-fenerbahce-beko-77-71-besiktas","status":"publish","type":"post","link":"https:\/\/www.fener.org\/index.php\/2019\/03\/21\/u16-fenerbahce-beko-77-71-besiktas\/","title":{"rendered":"U16: Fenerbah\u00e7e Beko 77-71 Be\u015fikta\u015f"},"content":{"rendered":"\n<p>Fenerbah\u00e7e Beko U16 Erkek Basketbol Tak\u0131m\u0131m\u0131z, U16 Erkekler Ligi yar\u0131 final ma\u00e7\u0131nda Be\u015fikta\u015f ile kar\u015f\u0131la\u015ft\u0131. Ekibimiz, Bayrampa\u015fa Spor Salonu\u2019nda oynanan m\u00fccadeleyi 77-71 kazand\u0131 ve e\u015fle\u015fmede avantaj elde etti. E\u015fle\u015fmede ikinci ma\u00e7 22 Mart Cuma g\u00fcn\u00fc Cafera\u011fa Spor Salonu\u2019nda oynanacak.<\/p>\n\n\n\n<p>Fenerbah\u00e7e\u2019de Berkay Y\u0131lmaz 28 say\u0131, Kerem G\u00fcrses ise 19 say\u0131 \u00fcretti.<\/p>\n\n\n<p><strong>\u00c7eyrek skorlar\u0131:<\/strong><br \/>1. \u00c7eyrek: 25-17 (Be\u015fikta\u015f)<br \/>2. \u00c7eyrek: 18-10 (Be\u015fikta\u015f)<br \/>3. \u00c7eyrek: 22-13 (Fenerbah\u00e7e Beko)<br \/>4. \u00c7eyrek: 28-16 (Fenerbah\u00e7e Beko)<br \/><br \/><strong>Fenerbah\u00e7e Beko (77):<\/strong> Berkay Y\u0131lmaz 28 (4 asist, 3 ribaund, 2 top \u00e7alma), Kerem G\u00fcrses 19 (5 ribaund, 2 asist, 1 top \u00e7alma), Efe \u00d6ztekin 10 (16 ribaund, 4 asist), Can Mert Piker 8 (6 ribaund, 1 asist), Ege \u00d6zsever 4 (5 ribaund, 1 asist, 2 top \u00e7alma), Bark\u0131n Karaesen 4 (3 ribaund, 1 asist), Yusuf Bayrak 4 (1 ribaund, 1 asist, 1 blok)<\/p>","protected":false},"excerpt":{"rendered":"<p>Fenerbah\u00e7e Beko U16 Erkek Basketbol Tak\u0131m\u0131m\u0131z, U16 Erkekler Ligi yar\u0131 final ma\u00e7\u0131nda Be\u015fikta\u015f ile kar\u015f\u0131la\u015ft\u0131. Ekibimiz, Bayrampa\u015fa Spor Salonu\u2019nda oynanan m\u00fccadeleyi 77-71 kazand\u0131 ve e\u015fle\u015fmede avantaj elde etti. E\u015fle\u015fmede ikinci ma\u00e7 22 Mart Cuma g\u00fcn\u00fc Cafera\u011fa Spor Salonu\u2019nda oynanacak. Fenerbah\u00e7e\u2019de Berkay Y\u0131lmaz 28 say\u0131, Kerem G\u00fcrses ise 19 say\u0131 \u00fcretti. \u00c7eyrek skorlar\u0131:1. \u00c7eyrek: 25-17 (Be\u015fikta\u015f)2. [&hellip;]<\/p>\n","protected":false},"author":1,"featured_media":1280,"comment_status":"closed","ping_status":"closed","sticky":false,"template":"","format":"standard","meta":{"jnews-multi-image_gallery":[],"jnews_single_post":{"subtitle":"","format":"standard","video":"","gallery":"","source_name":"","source_url":"","via_name":"","via_url":"","override":[{"single_blog_custom":"","sidebar":"","second_sidebar":"","share_position":"","share_float_style":"","post_date_format":"","post_date_format_custom":"","post_reading_time_wpm":"","number_popup_post":"1"}],"image_override":[{"single_post_thumbnail_size":"","single_post_gallery_size":""}],"trending_post_position":"","trending_post_label":""},"jnews_primary_category":{"id":"5"},"jnews_social_meta":{"fb_title":"","fb_description":"","fb_image":"","twitter_title":"","twitter_description":"","twitter_image":""},"jnews_override_counter":{"view_counter_number":"0","share_counter_number":"0","like_counter_number":"0","dislike_counter_number":"0"},"footnotes":""},"categories":[5,45,2],"tags":[24,23],"class_list":["post-6735","post","type-post","status-publish","format-standard","has-post-thumbnail","hentry","category-basketbol","category-erkek-basketbol-altyapi","category-haberler","tag-basketbol","tag-fenerbahce"],"amp_enabled":true,"_links":{"self":[{"href":"https:\/\/www.fener.org\/index.php\/wp-json\/wp\/v2\/posts\/6735","targetHints":{"allow":["GET"]}}],"collection":[{"href":"https:\/\/www.fener.org\/index.php\/wp-json\/wp\/v2\/posts"}],"about":[{"href":"https:\/\/www.fener.org\/index.php\/wp-json\/wp\/v2\/types\/post"}],"author":[{"embeddable":true,"href":"https:\/\/www.fener.org\/index.php\/wp-json\/wp\/v2\/users\/1"}],"replies":[{"embeddable":true,"href":"https:\/\/www.fener.org\/index.php\/wp-json\/wp\/v2\/comments?post=6735"}],"version-history":[{"count":1,"href":"https:\/\/www.fener.org\/index.php\/wp-json\/wp\/v2\/posts\/6735\/revisions"}],"predecessor-version":[{"id":6736,"href":"https:\/\/www.fener.org\/index.php\/wp-json\/wp\/v2\/posts\/6735\/revisions\/6736"}],"wp:featuredmedia":[{"embeddable":true,"href":"https:\/\/www.fener.org\/index.php\/wp-json\/wp\/v2\/media\/1280"}],"wp:attachment":[{"href":"https:\/\/www.fener.org\/index.php\/wp-json\/wp\/v2\/media?parent=6735"}],"wp:term":[{"taxonomy":"category","embeddable":true,"href":"https:\/\/www.fener.org\/index.php\/wp-json\/wp\/v2\/categories?post=6735"},{"taxonomy":"post_tag","embeddable":true,"href":"https:\/\/www.fener.org\/index.php\/wp-json\/wp\/v2\/tags?post=6735"}],"curies":[{"name":"wp","href":"https:\/\/api.w.org\/{rel}","templated":true}]}}