{"id":6733,"date":"2019-03-21T09:27:53","date_gmt":"2019-03-21T06:27:53","guid":{"rendered":"https:\/\/www.fener.org\/?p=6733"},"modified":"2019-03-21T09:27:57","modified_gmt":"2019-03-21T06:27:57","slug":"obradovic-hazir-olmali-ve-odaklanmaliyiz","status":"publish","type":"post","link":"https:\/\/www.fener.org\/index.php\/2019\/03\/21\/obradovic-hazir-olmali-ve-odaklanmaliyiz\/","title":{"rendered":"Obradovic: Haz\u0131r olmal\u0131 ve odaklanmal\u0131y\u0131z"},"content":{"rendered":"\n<p>S\u0131ralamada ilk iki s\u0131rada bulunan tak\u0131mlar\u0131n kar\u015f\u0131la\u015faca\u011f\u0131n\u0131 s\u00f6yleyen Zeljko Obradovic \u015f\u00f6yle konu\u015ftu:<\/p>\n\n\n\n<blockquote class=\"wp-block-quote is-layout-flow wp-block-quote-is-layout-flow\"><p>\u201cCSKA Moskova\u2019yla oynad\u0131\u011f\u0131m\u0131z her kar\u015f\u0131la\u015fman\u0131n zorlu, duygusal ve \u00f6zel ma\u00e7lar oldu\u011funu s\u00f6ylemek bizim i\u00e7in yeni bir \u015fey de\u011fil. \u015eu anda s\u0131ralamada ilk iki s\u0131rada olan tak\u0131mlar kar\u015f\u0131la\u015facak ve bu da bir\u00e7ok \u015feyi a\u00e7\u0131kl\u0131yor. \u0130ki tak\u0131mda da \u00e7ok kaliteli oyuncular var. CSKA da bizim gibi \u0130stanbul\u2019dan buraya geliyor ve iki ekip de uzun birer yolculuk sonras\u0131 Moskova\u2019ya ula\u015ft\u0131. Ama bunlar\u0131n hepsini, hakem hava at\u0131\u015f\u0131 i\u00e7in topu eline ald\u0131\u011f\u0131nda unutmam\u0131z gerekecek. Haz\u0131r olmal\u0131 ve odaklanmal\u0131y\u0131z. Yapmam\u0131z gereken, bir iyi kar\u015f\u0131la\u015fma daha \u00e7\u0131karabilmek olacak.\u201d<\/p><\/blockquote>\n","protected":false},"excerpt":{"rendered":"<p>S\u0131ralamada ilk iki s\u0131rada bulunan tak\u0131mlar\u0131n kar\u015f\u0131la\u015faca\u011f\u0131n\u0131 s\u00f6yleyen Zeljko Obradovic \u015f\u00f6yle konu\u015ftu: \u201cCSKA Moskova\u2019yla oynad\u0131\u011f\u0131m\u0131z her kar\u015f\u0131la\u015fman\u0131n zorlu, duygusal ve \u00f6zel ma\u00e7lar oldu\u011funu s\u00f6ylemek bizim i\u00e7in yeni bir \u015fey de\u011fil. \u015eu anda s\u0131ralamada ilk iki s\u0131rada olan tak\u0131mlar kar\u015f\u0131la\u015facak ve bu da bir\u00e7ok \u015feyi a\u00e7\u0131kl\u0131yor. \u0130ki tak\u0131mda da \u00e7ok kaliteli oyuncular var. CSKA da bizim [&hellip;]<\/p>\n","protected":false},"author":1,"featured_media":6087,"comment_status":"closed","ping_status":"closed","sticky":false,"template":"","format":"standard","meta":{"jnews-multi-image_gallery":[],"jnews_single_post":{"subtitle":"Fenerbah\u00e7e Erkek Basketbol Tak\u0131m\u0131m\u0131z\u0131n Ba\u015fantren\u00f6r\u00fc Zeljko Obradovic, ekibimizin Turkish Airlines EuroLeague 28. hafta ma\u00e7\u0131nda CSKA Moskova ile oynayaca\u011f\u0131 ma\u00e7 \u00f6ncesi kul\u00fcb\u00fcm\u00fcz\u00fcn resmi internet sitesine a\u00e7\u0131klamalarda bulundu.","format":"standard","video":"","gallery":"","source_name":"","source_url":"","via_name":"","via_url":"","override":[{"single_blog_custom":"","sidebar":"","second_sidebar":"","share_position":"","share_float_style":"","post_date_format":"","post_date_format_custom":"","post_reading_time_wpm":"","number_popup_post":"1"}],"image_override":[{"single_post_thumbnail_size":"","single_post_gallery_size":""}],"trending_post_position":"","trending_post_label":""},"jnews_primary_category":{"id":"5"},"jnews_social_meta":{"fb_title":"","fb_description":"","fb_image":"","twitter_title":"","twitter_description":"","twitter_image":""},"jnews_override_counter":{"view_counter_number":"0","share_counter_number":"0","like_counter_number":"0","dislike_counter_number":"0"},"footnotes":""},"categories":[5,6,2],"tags":[74,79,75],"class_list":["post-6733","post","type-post","status-publish","format-standard","has-post-thumbnail","hentry","category-basketbol","category-erkek-basketbol","category-haberler","tag-euroleague","tag-neverenough","tag-zeljkoobradovic"],"amp_enabled":true,"_links":{"self":[{"href":"https:\/\/www.fener.org\/index.php\/wp-json\/wp\/v2\/posts\/6733","targetHints":{"allow":["GET"]}}],"collection":[{"href":"https:\/\/www.fener.org\/index.php\/wp-json\/wp\/v2\/posts"}],"about":[{"href":"https:\/\/www.fener.org\/index.php\/wp-json\/wp\/v2\/types\/post"}],"author":[{"embeddable":true,"href":"https:\/\/www.fener.org\/index.php\/wp-json\/wp\/v2\/users\/1"}],"replies":[{"embeddable":true,"href":"https:\/\/www.fener.org\/index.php\/wp-json\/wp\/v2\/comments?post=6733"}],"version-history":[{"count":1,"href":"https:\/\/www.fener.org\/index.php\/wp-json\/wp\/v2\/posts\/6733\/revisions"}],"predecessor-version":[{"id":6734,"href":"https:\/\/www.fener.org\/index.php\/wp-json\/wp\/v2\/posts\/6733\/revisions\/6734"}],"wp:featuredmedia":[{"embeddable":true,"href":"https:\/\/www.fener.org\/index.php\/wp-json\/wp\/v2\/media\/6087"}],"wp:attachment":[{"href":"https:\/\/www.fener.org\/index.php\/wp-json\/wp\/v2\/media?parent=6733"}],"wp:term":[{"taxonomy":"category","embeddable":true,"href":"https:\/\/www.fener.org\/index.php\/wp-json\/wp\/v2\/categories?post=6733"},{"taxonomy":"post_tag","embeddable":true,"href":"https:\/\/www.fener.org\/index.php\/wp-json\/wp\/v2\/tags?post=6733"}],"curies":[{"name":"wp","href":"https:\/\/api.w.org\/{rel}","templated":true}]}}