{"id":672,"date":"2018-08-30T15:47:58","date_gmt":"2018-08-30T12:47:58","guid":{"rendered":"https:\/\/fener.org\/xwebsites\/wp\/fener\/?p=672"},"modified":"2021-07-27T10:11:05","modified_gmt":"2021-07-27T07:11:05","slug":"ramil-diamond-lig-finalinde-kosacak","status":"publish","type":"post","link":"https:\/\/www.fener.org\/index.php\/2018\/08\/30\/ramil-diamond-lig-finalinde-kosacak\/","title":{"rendered":"Ramil Diamond Lig finalinde ko\u015facak"},"content":{"rendered":"<p>Fenerbah\u00e7eli D\u00fcnya ve Avrupa \u015eampiyonu milli atlet Ramil Guliyev, atletizm d\u00fcnyas\u0131n\u0131n en prestijli organizasyonlar\u0131 aras\u0131nda bulunan Diamond Lig&#8217;in sezon sonu finalinde Z\u00fcrih&#8217;te piste \u00e7\u0131kacak. Ramil Guliyev, bug\u00fcn TS\u0130 22:11&#8217;de 200 metrede boy g\u00f6sterecek.<\/p>\n<p>Atletizm d\u00fcnyas\u0131n\u0131n en prestijli organizasyonlar\u0131 aras\u0131nda bulunan Diamond Lig&#8217;de sezon sonu finali \u0130svi\u00e7re&#8217;nin Z\u00fcrih kentinde yap\u0131lacak.<\/p>\n<p>200 metrede son D\u00fcnya ve Avrupa \u015eampiyonu milli atlet Ramil Guliyev de organizasyonda piste \u00e7\u0131kacak. Y\u0131l i\u00e7inde 200 metrede takvimdeki alt\u0131 dura\u011f\u0131n be\u015finde boy g\u00f6steren Ramil Guliyev, Oslo ve Stockholm&#8217;deki etaplar\u0131 zirvede tamamlarken, Monaco&#8217;da ikinci, Doha&#8217;daysa \u00fc\u00e7\u00fcnc\u00fc olmu\u015ftu.<\/p>\n<p>Diamond Lig 200 metre s\u0131ralamas\u0131nda Fenerbah\u00e7eli milli atlet Ramil Guliyev, elde etti\u011fi 31 puanla bu sezon d\u00f6rt etap birincili\u011fi bulunan Birle\u015fik Amerikal\u0131 Noah Lyles&#8217;\u0131n bir puan gerisinde ikinci s\u0131rada yer al\u0131yor.<\/p>\n<p>Ramil, Diamond Lig finalinin ard\u0131ndan 8-9 Eyl\u00fcl&#8217;de \u00c7ekya&#8217;da d\u00fczenlenecek Uluslararas\u0131 Atletizm Federasyonlar\u0131 Birli\u011fi D\u00fcnya Kupas\u0131&#8217;nda Avrupa k\u0131ta karmas\u0131nda m\u00fccadele edecek.<\/p>\n","protected":false},"excerpt":{"rendered":"<p>Fenerbah\u00e7eli D\u00fcnya ve Avrupa \u015eampiyonu milli atlet Ramil Guliyev, atletizm d\u00fcnyas\u0131n\u0131n en prestijli organizasyonlar\u0131 aras\u0131nda bulunan Diamond Lig&#8217;in sezon sonu finalinde Z\u00fcrih&#8217;te piste \u00e7\u0131kacak. Ramil Guliyev, bug\u00fcn TS\u0130 22:11&#8217;de 200 metrede boy g\u00f6sterecek. Atletizm d\u00fcnyas\u0131n\u0131n en prestijli organizasyonlar\u0131 aras\u0131nda bulunan Diamond Lig&#8217;de sezon sonu finali \u0130svi\u00e7re&#8217;nin Z\u00fcrih kentinde yap\u0131lacak. 200 metrede son D\u00fcnya ve Avrupa [&hellip;]<\/p>\n","protected":false},"author":1,"featured_media":673,"comment_status":"open","ping_status":"open","sticky":false,"template":"","format":"standard","meta":{"jnews-multi-image_gallery":[],"jnews_single_post":{"subtitle":"","format":"standard","video":"","gallery":"","source_name":"","source_url":"","via_name":"","via_url":"","override":[{"template":"1","single_blog_custom":"","parallax":"1","layout":"right-sidebar","sidebar":"default-sidebar","second_sidebar":"default-sidebar","sticky_sidebar":"1","share_position":"top","share_float_style":"share-monocrhome","show_share_counter":"1","show_view_counter":"1","show_featured":"1","show_post_meta":"1","show_post_author":"1","show_post_author_image":"1","show_post_date":"1","post_date_format":"default","post_date_format_custom":"Y\/m\/d","show_post_category":"1","post_reading_time_wpm":"","zoom_button_out_step":"1","zoom_button_in_step":"1","show_post_tag":"1","show_prev_next_post":"1","show_popup_post":"1","number_popup_post":"1","show_post_related":"1"}],"image_override":[{"single_post_thumbnail_size":"crop-500","single_post_gallery_size":"crop-500"}],"trending_post_position":"","trending_post_label":"","sponsored_post_label":"","sponsored_post_name":"","sponsored_post_url":"","sponsored_post_logo":"","sponsored_post_desc":""},"jnews_primary_category":{"id":"13"},"jnews_social_meta":{"fb_title":"","fb_description":"","fb_image":"","twitter_title":"","twitter_description":"","twitter_image":""},"jnews_override_counter":{"view_counter_number":"0","share_counter_number":"0","like_counter_number":"0","dislike_counter_number":"0"},"footnotes":""},"categories":[13,2],"tags":[],"class_list":["post-672","post","type-post","status-publish","format-standard","has-post-thumbnail","hentry","category-atletizm","category-haberler"],"amp_enabled":true,"_links":{"self":[{"href":"https:\/\/www.fener.org\/index.php\/wp-json\/wp\/v2\/posts\/672","targetHints":{"allow":["GET"]}}],"collection":[{"href":"https:\/\/www.fener.org\/index.php\/wp-json\/wp\/v2\/posts"}],"about":[{"href":"https:\/\/www.fener.org\/index.php\/wp-json\/wp\/v2\/types\/post"}],"author":[{"embeddable":true,"href":"https:\/\/www.fener.org\/index.php\/wp-json\/wp\/v2\/users\/1"}],"replies":[{"embeddable":true,"href":"https:\/\/www.fener.org\/index.php\/wp-json\/wp\/v2\/comments?post=672"}],"version-history":[{"count":1,"href":"https:\/\/www.fener.org\/index.php\/wp-json\/wp\/v2\/posts\/672\/revisions"}],"predecessor-version":[{"id":674,"href":"https:\/\/www.fener.org\/index.php\/wp-json\/wp\/v2\/posts\/672\/revisions\/674"}],"wp:featuredmedia":[{"embeddable":true,"href":"https:\/\/www.fener.org\/index.php\/wp-json\/wp\/v2\/media\/673"}],"wp:attachment":[{"href":"https:\/\/www.fener.org\/index.php\/wp-json\/wp\/v2\/media?parent=672"}],"wp:term":[{"taxonomy":"category","embeddable":true,"href":"https:\/\/www.fener.org\/index.php\/wp-json\/wp\/v2\/categories?post=672"},{"taxonomy":"post_tag","embeddable":true,"href":"https:\/\/www.fener.org\/index.php\/wp-json\/wp\/v2\/tags?post=672"}],"curies":[{"name":"wp","href":"https:\/\/api.w.org\/{rel}","templated":true}]}}