{"id":668,"date":"2018-08-30T14:59:11","date_gmt":"2018-08-30T11:59:11","guid":{"rendered":"https:\/\/fener.org\/xwebsites\/wp\/fener\/?p=668"},"modified":"2018-09-03T16:17:40","modified_gmt":"2018-09-03T13:17:40","slug":"harun-tekin-saglik-kontrolunden-gecti","status":"publish","type":"post","link":"https:\/\/www.fener.org\/index.php\/2018\/08\/30\/harun-tekin-saglik-kontrolunden-gecti\/","title":{"rendered":"Harun Tekin sa\u011fl\u0131k kontrol\u00fcnden ge\u00e7ti"},"content":{"rendered":"<p>Fenerbah\u00e7emizin transferi i\u00e7in Bursaspor ile prensip anla\u015fmas\u0131na vard\u0131\u011f\u0131 Harun Tekin sa\u011fl\u0131k kontrol\u00fcnden ge\u00e7ti.<\/p>\n<p>Kul\u00fcb\u00fcm\u00fcz, transfer d\u00f6neminin kapanmas\u0131na k\u0131sa bir s\u00fcre kala Bursaspor&#8217;dan ba\u015far\u0131l\u0131 kaleci Harun Tekin&#8217;in transferi i\u00e7in prensip anla\u015fmas\u0131na varm\u0131\u015ft\u0131.<\/p>\n<p>Hen\u00fcz transferle ilgili resmi a\u00e7\u0131klama yap\u0131lmazken 29 ya\u015f\u0131ndaki kaleci, bug\u00fcn sabah saatlerinde sa\u011fl\u0131k kontrol\u00fcnden ge\u00e7ti.<\/p>\n<p>Anla\u015fma \u015fartlar\u0131na g\u00f6re Fenerbah\u00e7emiz, Bursaspor&#8217;a 2 milyon euro bonservis \u00f6deyecek, Harun ile 4 y\u0131ll\u0131k s\u00f6zle\u015fme imzalanacak. Oyuncunun y\u0131ll\u0131k \u00fccretinin ise 1.5 milyon euro olaca\u011f\u0131 belirtildi. 29 ya\u015f\u0131ndaki milli kalecinin en yak\u0131n s\u00fcrede kendisini sar\u0131-lacivertli kul\u00fcbe ba\u011flayan s\u00f6zle\u015fmeye imza atmas\u0131 bekleniyor.<\/p>\n","protected":false},"excerpt":{"rendered":"<p>Fenerbah\u00e7emizin transferi i\u00e7in Bursaspor ile prensip anla\u015fmas\u0131na vard\u0131\u011f\u0131 Harun Tekin sa\u011fl\u0131k kontrol\u00fcnden ge\u00e7ti. Kul\u00fcb\u00fcm\u00fcz, transfer d\u00f6neminin kapanmas\u0131na k\u0131sa bir s\u00fcre kala Bursaspor&#8217;dan ba\u015far\u0131l\u0131 kaleci Harun Tekin&#8217;in transferi i\u00e7in prensip anla\u015fmas\u0131na varm\u0131\u015ft\u0131. Hen\u00fcz transferle ilgili resmi a\u00e7\u0131klama yap\u0131lmazken 29 ya\u015f\u0131ndaki kaleci, bug\u00fcn sabah saatlerinde sa\u011fl\u0131k kontrol\u00fcnden ge\u00e7ti. Anla\u015fma \u015fartlar\u0131na g\u00f6re Fenerbah\u00e7emiz, Bursaspor&#8217;a 2 milyon euro bonservis [&hellip;]<\/p>\n","protected":false},"author":1,"featured_media":671,"comment_status":"open","ping_status":"open","sticky":false,"template":"","format":"standard","meta":{"jnews-multi-image_gallery":[],"jnews_single_post":{"override_template":"0","override":[{"template":"1","parallax":"1","fullscreen":"0","layout":"right-sidebar","sidebar":"default-sidebar","second_sidebar":"default-sidebar","sticky_sidebar":"1","share_position":"top","share_float_style":"share-monocrhome","show_share_counter":"1","show_view_counter":"1","show_featured":"1","show_post_meta":"1","show_post_author":"1","show_post_author_image":"1","show_post_date":"1","post_date_format":"default","post_date_format_custom":"Y\/m\/d","show_post_category":"1","show_post_tag":"1","show_prev_next_post":"1","show_popup_post":"1","number_popup_post":"1","show_author_box":"0","show_post_related":"1","show_inline_post_related":"0"}],"override_image_size":"0","image_override":[{"single_post_thumbnail_size":"crop-500","single_post_gallery_size":"crop-500"}]},"jnews_primary_category":{"id":"4"},"jnews_social_meta":[],"jnews_override_counter":[],"footnotes":""},"categories":[4,2,47],"tags":[],"class_list":["post-668","post","type-post","status-publish","format-standard","has-post-thumbnail","hentry","category-futbol","category-haberler","category-profesyonel-a-futbol-takimi"],"amp_enabled":true,"_links":{"self":[{"href":"https:\/\/www.fener.org\/index.php\/wp-json\/wp\/v2\/posts\/668","targetHints":{"allow":["GET"]}}],"collection":[{"href":"https:\/\/www.fener.org\/index.php\/wp-json\/wp\/v2\/posts"}],"about":[{"href":"https:\/\/www.fener.org\/index.php\/wp-json\/wp\/v2\/types\/post"}],"author":[{"embeddable":true,"href":"https:\/\/www.fener.org\/index.php\/wp-json\/wp\/v2\/users\/1"}],"replies":[{"embeddable":true,"href":"https:\/\/www.fener.org\/index.php\/wp-json\/wp\/v2\/comments?post=668"}],"version-history":[{"count":1,"href":"https:\/\/www.fener.org\/index.php\/wp-json\/wp\/v2\/posts\/668\/revisions"}],"predecessor-version":[{"id":670,"href":"https:\/\/www.fener.org\/index.php\/wp-json\/wp\/v2\/posts\/668\/revisions\/670"}],"wp:featuredmedia":[{"embeddable":true,"href":"https:\/\/www.fener.org\/index.php\/wp-json\/wp\/v2\/media\/671"}],"wp:attachment":[{"href":"https:\/\/www.fener.org\/index.php\/wp-json\/wp\/v2\/media?parent=668"}],"wp:term":[{"taxonomy":"category","embeddable":true,"href":"https:\/\/www.fener.org\/index.php\/wp-json\/wp\/v2\/categories?post=668"},{"taxonomy":"post_tag","embeddable":true,"href":"https:\/\/www.fener.org\/index.php\/wp-json\/wp\/v2\/tags?post=668"}],"curies":[{"name":"wp","href":"https:\/\/api.w.org\/{rel}","templated":true}]}}