{"id":6638,"date":"2019-03-15T10:18:15","date_gmt":"2019-03-15T07:18:15","guid":{"rendered":"https:\/\/www.fener.org\/?p=6638"},"modified":"2019-03-15T10:18:19","modified_gmt":"2019-03-15T07:18:19","slug":"melih-mahmutoglu-barcelona-cok-yetenekli-bir-ekip","status":"publish","type":"post","link":"https:\/\/www.fener.org\/index.php\/2019\/03\/15\/melih-mahmutoglu-barcelona-cok-yetenekli-bir-ekip\/","title":{"rendered":"Melih Mahmuto\u011flu: Barcelona \u00e7ok yetenekli bir ekip"},"content":{"rendered":"\n<p>Melih Mahmuto\u011flu  &#8216;Haftan\u0131n Ma\u00e7\u0131&#8217; olarak g\u00f6sterilen kar\u015f\u0131la\u015fmada iyi oynamalar\u0131 gerekti\u011fini s\u00f6ylerken \u015fu ifadeleri kulland\u0131:<\/p>\n\n\n\n<blockquote class=\"wp-block-quote is-layout-flow wp-block-quote-is-layout-flow\"><p>\u201cEuroLeague\u2019de saha avantaj\u0131n\u0131 garantiledik ama \u00f6n\u00fcm\u00fczde \u00e7ok \u00f6nemli be\u015f ma\u00e7 daha var. Barcelona Lassa bir\u00e7ok iyi h\u00fccumcuya sahip, \u00e7ok yetenekli bir ekip. Ama ayn\u0131 zamanda onlar\u0131n EuroLeague\u2019de en az say\u0131ya m\u00fcsaade eden ikinci tak\u0131m oldu\u011funu da biliyoruz. T\u00fcm bu \u00f6zellikleri d\u00fc\u015f\u00fcnd\u00fc\u011f\u00fcm\u00fczde, oyunun iki y\u00f6n\u00fcnde de iyi bir ma\u00e7 \u00e7\u0131karmam\u0131z gerekti\u011fini s\u00f6yleyebilirim. Anadolu Efes\u2019e kar\u015f\u0131 k\u00f6t\u00fc bir ma\u00e7 oynad\u0131lar ve mutlaka reaksiyon g\u00f6stermek isteyecekler. Biz de Madrid deplasman\u0131nda istedi\u011fimizi alamad\u0131k ve bu da \u00e7ok daha iyi oynamam\u0131z i\u00e7in ayr\u0131 bir gerek\u00e7e olacakt\u0131r. Bu m\u00fccadelenin EuroLeague genelinde &#8216;Haftan\u0131n Ma\u00e7\u0131&#8217; olaca\u011f\u0131n\u0131 biliyoruz ve taraftarlar\u0131m\u0131z\u0131n da her zaman oldu\u011fu gibi yan\u0131m\u0131zda olaca\u011f\u0131ndan eminiz.\u201d<\/p><\/blockquote>\n","protected":false},"excerpt":{"rendered":"<p>Melih Mahmuto\u011flu &#8216;Haftan\u0131n Ma\u00e7\u0131&#8217; olarak g\u00f6sterilen kar\u015f\u0131la\u015fmada iyi oynamalar\u0131 gerekti\u011fini s\u00f6ylerken \u015fu ifadeleri kulland\u0131: \u201cEuroLeague\u2019de saha avantaj\u0131n\u0131 garantiledik ama \u00f6n\u00fcm\u00fczde \u00e7ok \u00f6nemli be\u015f ma\u00e7 daha var. Barcelona Lassa bir\u00e7ok iyi h\u00fccumcuya sahip, \u00e7ok yetenekli bir ekip. Ama ayn\u0131 zamanda onlar\u0131n EuroLeague\u2019de en az say\u0131ya m\u00fcsaade eden ikinci tak\u0131m oldu\u011funu da biliyoruz. T\u00fcm bu \u00f6zellikleri d\u00fc\u015f\u00fcnd\u00fc\u011f\u00fcm\u00fczde, [&hellip;]<\/p>\n","protected":false},"author":1,"featured_media":6639,"comment_status":"closed","ping_status":"closed","sticky":false,"template":"","format":"standard","meta":{"jnews-multi-image_gallery":[],"jnews_single_post":{"subtitle":"Fenerbah\u00e7e Beko Erkek Basketbol Tak\u0131m\u0131m\u0131z\u0131n kaptan\u0131 Melih Mahmuto\u011flu, tak\u0131m\u0131m\u0131z\u0131n THY EuroLeague 26.hafta ma\u00e7\u0131nda Barcelona Lassa ile oynayaca\u011f\u0131 m\u00fccadele \u00f6ncesinde kul\u00fcb\u00fcm\u00fcz\u00fcn resmi internet sitesine a\u00e7\u0131klamalarda bulundu.","format":"standard","video":"","gallery":"","source_name":"","source_url":"","via_name":"","via_url":"","override":[{"single_blog_custom":"","sidebar":"","second_sidebar":"","share_position":"","share_float_style":"","post_date_format":"","post_date_format_custom":"","post_reading_time_wpm":"","number_popup_post":"1"}],"image_override":[{"single_post_thumbnail_size":"","single_post_gallery_size":""}],"trending_post_position":"","trending_post_label":""},"jnews_primary_category":{"id":"5"},"jnews_social_meta":{"fb_title":"","fb_description":"","fb_image":"","twitter_title":"","twitter_description":"","twitter_image":""},"jnews_override_counter":{"view_counter_number":"0","share_counter_number":"0","like_counter_number":"0","dislike_counter_number":"0"},"footnotes":""},"categories":[5,6,2],"tags":[74,133,79],"class_list":["post-6638","post","type-post","status-publish","format-standard","has-post-thumbnail","hentry","category-basketbol","category-erkek-basketbol","category-haberler","tag-euroleague","tag-melihmahmutoglu","tag-neverenough"],"amp_enabled":true,"_links":{"self":[{"href":"https:\/\/www.fener.org\/index.php\/wp-json\/wp\/v2\/posts\/6638","targetHints":{"allow":["GET"]}}],"collection":[{"href":"https:\/\/www.fener.org\/index.php\/wp-json\/wp\/v2\/posts"}],"about":[{"href":"https:\/\/www.fener.org\/index.php\/wp-json\/wp\/v2\/types\/post"}],"author":[{"embeddable":true,"href":"https:\/\/www.fener.org\/index.php\/wp-json\/wp\/v2\/users\/1"}],"replies":[{"embeddable":true,"href":"https:\/\/www.fener.org\/index.php\/wp-json\/wp\/v2\/comments?post=6638"}],"version-history":[{"count":1,"href":"https:\/\/www.fener.org\/index.php\/wp-json\/wp\/v2\/posts\/6638\/revisions"}],"predecessor-version":[{"id":6640,"href":"https:\/\/www.fener.org\/index.php\/wp-json\/wp\/v2\/posts\/6638\/revisions\/6640"}],"wp:featuredmedia":[{"embeddable":true,"href":"https:\/\/www.fener.org\/index.php\/wp-json\/wp\/v2\/media\/6639"}],"wp:attachment":[{"href":"https:\/\/www.fener.org\/index.php\/wp-json\/wp\/v2\/media?parent=6638"}],"wp:term":[{"taxonomy":"category","embeddable":true,"href":"https:\/\/www.fener.org\/index.php\/wp-json\/wp\/v2\/categories?post=6638"},{"taxonomy":"post_tag","embeddable":true,"href":"https:\/\/www.fener.org\/index.php\/wp-json\/wp\/v2\/tags?post=6638"}],"curies":[{"name":"wp","href":"https:\/\/api.w.org\/{rel}","templated":true}]}}