{"id":6602,"date":"2019-03-12T11:15:59","date_gmt":"2019-03-12T08:15:59","guid":{"rendered":"https:\/\/www.fener.org\/?p=6602"},"modified":"2019-03-12T11:16:04","modified_gmt":"2019-03-12T08:16:04","slug":"potada-rakibimiz-botas","status":"publish","type":"post","link":"https:\/\/www.fener.org\/index.php\/2019\/03\/12\/potada-rakibimiz-botas\/","title":{"rendered":"Potada rakibimiz Bota\u015f"},"content":{"rendered":"\n<p>Potan\u0131n Krali\u00e7eleri, Kad\u0131nlar Basketbol S\u00fcper Ligi 21. hafta m\u00fccadelesinde Bota\u015f\u2019\u0131 konuk ediyor. Bug\u00fcn (12 Mart Sal\u0131 g\u00fcn\u00fc) Metro Enerji Salonu\u2019nda oynanacak m\u00fccadele 18.00\u2019de ba\u015flayacak ve Tivibu\u2019dan naklen yay\u0131nlanacak.<\/p>\n\n\n\n<p>Tak\u0131m\u0131m\u0131z, ligde geride kalan 20 haftay\u0131 16 galibiyet, 4 ma\u011flubiyetle ge\u00e7ti. Fenerbah\u00e7emiz \u00fc\u00e7\u00fcnc\u00fc s\u0131rada yer al\u0131rken, Ba\u015fkent ekibi ise d\u00f6rd\u00fcnc\u00fc s\u0131rada bulunuyor.<\/p>\n\n\n\n<p>Ligin ilk yar\u0131s\u0131nda Ankara&#8217;da oynanan ma\u00e7ta Bota\u015f&#8217;\u0131 62 &#8211; 46 ma\u011flup eden Kad\u0131n Basketbol Tak\u0131m\u0131m\u0131z, T\u00fcrkiye Kupas\u0131 finalinde de kar\u015f\u0131la\u015ft\u0131\u011f\u0131 rakibini 60-53 yenerek \u015fampiyon oldu.<\/p>\n","protected":false},"excerpt":{"rendered":"<p>Potan\u0131n Krali\u00e7eleri, Kad\u0131nlar Basketbol S\u00fcper Ligi 21. hafta m\u00fccadelesinde Bota\u015f\u2019\u0131 konuk ediyor. Bug\u00fcn (12 Mart Sal\u0131 g\u00fcn\u00fc) Metro Enerji Salonu\u2019nda oynanacak m\u00fccadele 18.00\u2019de ba\u015flayacak ve Tivibu\u2019dan naklen yay\u0131nlanacak. Tak\u0131m\u0131m\u0131z, ligde geride kalan 20 haftay\u0131 16 galibiyet, 4 ma\u011flubiyetle ge\u00e7ti. Fenerbah\u00e7emiz \u00fc\u00e7\u00fcnc\u00fc s\u0131rada yer al\u0131rken, Ba\u015fkent ekibi ise d\u00f6rd\u00fcnc\u00fc s\u0131rada bulunuyor. Ligin ilk yar\u0131s\u0131nda Ankara&#8217;da oynanan [&hellip;]<\/p>\n","protected":false},"author":1,"featured_media":6603,"comment_status":"closed","ping_status":"closed","sticky":false,"template":"","format":"standard","meta":{"jnews-multi-image_gallery":[],"jnews_single_post":{"subtitle":"Fenerbah\u00e7e Kad\u0131n Basketbol Tak\u0131m\u0131m\u0131z, Kad\u0131nlar Basketbol S\u00fcper Ligi 21. hafta m\u00fccadelesinde Bota\u015f ile kendi sahas\u0131nda m\u00fccadele edecek.","format":"standard","video":"","gallery":"","source_name":"","source_url":"","via_name":"","via_url":"","override":[{"single_blog_custom":"","sidebar":"","second_sidebar":"","share_position":"","share_float_style":"","post_date_format":"","post_date_format_custom":"","post_reading_time_wpm":"","number_popup_post":"1"}],"image_override":[{"single_post_thumbnail_size":"","single_post_gallery_size":""}],"trending_post_position":"","trending_post_label":""},"jnews_primary_category":{"id":"5"},"jnews_social_meta":{"fb_title":"","fb_description":"","fb_image":"","twitter_title":"","twitter_description":"","twitter_image":""},"jnews_override_counter":{"view_counter_number":"0","share_counter_number":"0","like_counter_number":"0","dislike_counter_number":"0"},"footnotes":""},"categories":[5,2,7],"tags":[24,23],"class_list":["post-6602","post","type-post","status-publish","format-standard","has-post-thumbnail","hentry","category-basketbol","category-haberler","category-kadin-basketbol","tag-basketbol","tag-fenerbahce"],"amp_enabled":true,"_links":{"self":[{"href":"https:\/\/www.fener.org\/index.php\/wp-json\/wp\/v2\/posts\/6602","targetHints":{"allow":["GET"]}}],"collection":[{"href":"https:\/\/www.fener.org\/index.php\/wp-json\/wp\/v2\/posts"}],"about":[{"href":"https:\/\/www.fener.org\/index.php\/wp-json\/wp\/v2\/types\/post"}],"author":[{"embeddable":true,"href":"https:\/\/www.fener.org\/index.php\/wp-json\/wp\/v2\/users\/1"}],"replies":[{"embeddable":true,"href":"https:\/\/www.fener.org\/index.php\/wp-json\/wp\/v2\/comments?post=6602"}],"version-history":[{"count":1,"href":"https:\/\/www.fener.org\/index.php\/wp-json\/wp\/v2\/posts\/6602\/revisions"}],"predecessor-version":[{"id":6604,"href":"https:\/\/www.fener.org\/index.php\/wp-json\/wp\/v2\/posts\/6602\/revisions\/6604"}],"wp:featuredmedia":[{"embeddable":true,"href":"https:\/\/www.fener.org\/index.php\/wp-json\/wp\/v2\/media\/6603"}],"wp:attachment":[{"href":"https:\/\/www.fener.org\/index.php\/wp-json\/wp\/v2\/media?parent=6602"}],"wp:term":[{"taxonomy":"category","embeddable":true,"href":"https:\/\/www.fener.org\/index.php\/wp-json\/wp\/v2\/categories?post=6602"},{"taxonomy":"post_tag","embeddable":true,"href":"https:\/\/www.fener.org\/index.php\/wp-json\/wp\/v2\/tags?post=6602"}],"curies":[{"name":"wp","href":"https:\/\/api.w.org\/{rel}","templated":true}]}}