{"id":656,"date":"2018-08-30T11:46:03","date_gmt":"2018-08-30T08:46:03","guid":{"rendered":"https:\/\/fener.org\/xwebsites\/wp\/fener\/?p=656"},"modified":"2018-09-03T16:17:40","modified_gmt":"2018-09-03T13:17:40","slug":"kayserispor-macinin-hakemi-belli-oldu","status":"publish","type":"post","link":"https:\/\/www.fener.org\/index.php\/2018\/08\/30\/kayserispor-macinin-hakemi-belli-oldu\/","title":{"rendered":"Kayserispor ma\u00e7\u0131n\u0131n hakemi belli oldu"},"content":{"rendered":"<p>Fenerbah\u00e7emiz ile Kayserispor aras\u0131nda oynanacak lig ma\u00e7\u0131n\u0131 \u00dcmit \u00d6zt\u00fcrk y\u00f6netecek.<\/p>\n<p>Spor Toto S\u00fcper Lig Lefter K\u00fc\u00e7\u00fckandonyadis Sezonu 4&#8217;\u00fcnc\u00fc hafta ma\u00e7lar\u0131n\u0131 y\u00f6netecek hakemler a\u00e7\u0131kland\u0131. Buna g\u00f6re 1 Eyl\u00fcl Cumartesi g\u00fcn\u00fc \u00dclker Stadyumu Fenerbah\u00e7e \u015e\u00fckr\u00fc Saraco\u011flu Spor Kompleksi&#8217;nde, Fenerbah\u00e7emiz ile Kaysersipor aras\u0131nda oynanacak lig ma\u00e7\u0131nda \u00dcmit \u00d6zt\u00fcrk d\u00fcd\u00fck \u00e7alacak.<\/p>\n<p>Ali Sayg\u0131n \u00d6gel ve Osman G\u00f6khan Bilir\u2019in yard\u0131mc\u0131 hakemler olarak g\u00f6rev alaca\u011f\u0131 m\u00fcsabakan\u0131n d\u00f6rd\u00fcnc\u00fc hakemi ise Mustafa \u00d6\u011fretmeno\u011flu.<\/p>\n","protected":false},"excerpt":{"rendered":"<p>Fenerbah\u00e7emiz ile Kayserispor aras\u0131nda oynanacak lig ma\u00e7\u0131n\u0131 \u00dcmit \u00d6zt\u00fcrk y\u00f6netecek. Spor Toto S\u00fcper Lig Lefter K\u00fc\u00e7\u00fckandonyadis Sezonu 4&#8217;\u00fcnc\u00fc hafta ma\u00e7lar\u0131n\u0131 y\u00f6netecek hakemler a\u00e7\u0131kland\u0131. Buna g\u00f6re 1 Eyl\u00fcl Cumartesi g\u00fcn\u00fc \u00dclker Stadyumu Fenerbah\u00e7e \u015e\u00fckr\u00fc Saraco\u011flu Spor Kompleksi&#8217;nde, Fenerbah\u00e7emiz ile Kaysersipor aras\u0131nda oynanacak lig ma\u00e7\u0131nda \u00dcmit \u00d6zt\u00fcrk d\u00fcd\u00fck \u00e7alacak. Ali Sayg\u0131n \u00d6gel ve Osman G\u00f6khan Bilir\u2019in yard\u0131mc\u0131 [&hellip;]<\/p>\n","protected":false},"author":1,"featured_media":657,"comment_status":"open","ping_status":"open","sticky":false,"template":"","format":"standard","meta":{"jnews-multi-image_gallery":[],"jnews_single_post":{"override_template":"0","override":[{"template":"1","parallax":"1","fullscreen":"0","layout":"right-sidebar","sidebar":"default-sidebar","second_sidebar":"default-sidebar","sticky_sidebar":"1","share_position":"top","share_float_style":"share-monocrhome","show_share_counter":"1","show_view_counter":"1","show_featured":"1","show_post_meta":"1","show_post_author":"1","show_post_author_image":"1","show_post_date":"1","post_date_format":"default","post_date_format_custom":"Y\/m\/d","show_post_category":"1","show_post_tag":"1","show_prev_next_post":"1","show_popup_post":"1","number_popup_post":"1","show_author_box":"0","show_post_related":"1","show_inline_post_related":"0"}],"override_image_size":"0","image_override":[{"single_post_thumbnail_size":"crop-500","single_post_gallery_size":"crop-500"}]},"jnews_primary_category":{"id":"4"},"jnews_social_meta":[],"jnews_override_counter":[],"footnotes":""},"categories":[4,2,47],"tags":[],"class_list":["post-656","post","type-post","status-publish","format-standard","has-post-thumbnail","hentry","category-futbol","category-haberler","category-profesyonel-a-futbol-takimi"],"amp_enabled":true,"_links":{"self":[{"href":"https:\/\/www.fener.org\/index.php\/wp-json\/wp\/v2\/posts\/656","targetHints":{"allow":["GET"]}}],"collection":[{"href":"https:\/\/www.fener.org\/index.php\/wp-json\/wp\/v2\/posts"}],"about":[{"href":"https:\/\/www.fener.org\/index.php\/wp-json\/wp\/v2\/types\/post"}],"author":[{"embeddable":true,"href":"https:\/\/www.fener.org\/index.php\/wp-json\/wp\/v2\/users\/1"}],"replies":[{"embeddable":true,"href":"https:\/\/www.fener.org\/index.php\/wp-json\/wp\/v2\/comments?post=656"}],"version-history":[{"count":1,"href":"https:\/\/www.fener.org\/index.php\/wp-json\/wp\/v2\/posts\/656\/revisions"}],"predecessor-version":[{"id":658,"href":"https:\/\/www.fener.org\/index.php\/wp-json\/wp\/v2\/posts\/656\/revisions\/658"}],"wp:featuredmedia":[{"embeddable":true,"href":"https:\/\/www.fener.org\/index.php\/wp-json\/wp\/v2\/media\/657"}],"wp:attachment":[{"href":"https:\/\/www.fener.org\/index.php\/wp-json\/wp\/v2\/media?parent=656"}],"wp:term":[{"taxonomy":"category","embeddable":true,"href":"https:\/\/www.fener.org\/index.php\/wp-json\/wp\/v2\/categories?post=656"},{"taxonomy":"post_tag","embeddable":true,"href":"https:\/\/www.fener.org\/index.php\/wp-json\/wp\/v2\/tags?post=656"}],"curies":[{"name":"wp","href":"https:\/\/api.w.org\/{rel}","templated":true}]}}