{"id":6520,"date":"2019-03-07T13:22:45","date_gmt":"2019-03-07T10:22:45","guid":{"rendered":"https:\/\/www.fener.org\/?p=6520"},"modified":"2019-03-07T13:22:49","modified_gmt":"2019-03-07T10:22:49","slug":"genc-atletlerimizden-7-madalya","status":"publish","type":"post","link":"https:\/\/www.fener.org\/index.php\/2019\/03\/07\/genc-atletlerimizden-7-madalya\/","title":{"rendered":"Gen\u00e7 atletlerimizden 7 madalya"},"content":{"rendered":"\n<p>T\u00fcrkiye Atletizm Federasyonu\u2019nun ev sahipli\u011finde be\u015f \u00fclkenin U18 tak\u0131mlar\u0131n\u0131 salonda bir araya getiren U18 Indoor Match\u2019ta Fransa \u015fampiyonlu\u011fu al\u0131rken, T\u00fcrkiye ikinci, Belarus da \u00fc\u00e7\u00fcnc\u00fc oldu.<\/p>\n\n\n\n<p>06 Mart 2019 tarihinde \u0130stanbul Atak\u00f6y Spor Salonu&#8217;nda d\u00fczenlenen U18 Indoor Match\u2019ta yar\u0131\u015fan kul\u00fcb\u00fcm\u00fcz sporcular\u0131; 2 alt\u0131n,1 g\u00fcm\u00fc\u015f  ve 4 bronz madalya kazand\u0131.<\/p>\n\n\n\n<div class=\"wp-block-image\"><figure class=\"aligncenter\"><img decoding=\"async\" width=\"700\" height=\"397\" src=\"https:\/\/www.fener.org\/xwebsites\/wp\/fener\/wp-content\/uploads\/2019\/03\/haber_atletizm_PinarAkyol_20190307.jpg\" alt=\"P\u0131nar Akyol\" class=\"wp-image-6523\" srcset=\"https:\/\/www.fener.org\/xwebsites\/wp\/fener\/wp-content\/uploads\/2019\/03\/haber_atletizm_PinarAkyol_20190307.jpg 700w, https:\/\/www.fener.org\/xwebsites\/wp\/fener\/wp-content\/uploads\/2019\/03\/haber_atletizm_PinarAkyol_20190307-300x170.jpg 300w\" sizes=\"(max-width: 700px) 100vw, 700px\" \/><figcaption>Kul\u00fcb\u00fcm\u00fcz sporcular\u0131ndan P\u0131nar Akyol, g\u00fclle atmada alt\u0131n madalya kazand\u0131<\/figcaption><\/figure><\/div>\n\n\n\n<p>M\u00fcsabakada madalya alan sporcular\u0131m\u0131z \u015fu \u015fekilde;<\/p>\n\n\n\n<p><strong>Alt\u0131n Madalya<\/strong><br> -P\u0131nar Akyol (g\u00fclle atma)<br> -Zeynep Bay\u00e7\u0131nar (3000 metre)<\/p>\n\n\n\n<p><strong>G\u00fcm\u00fc\u015f Madalya<\/strong><br> -Umut Uysal (60m)<\/p>\n\n\n\n<p><strong>Bronz Madalya<\/strong><br> -Z\u00fclha Armut\u00e7u (60m)<br> -Abdullah Y\u0131ld\u0131z (3000m)<br> -Bedirhan Alpagu (y\u00fcksek atlama)<br> -Z\u00fclha Armut\u00e7u ve Umut Uysal\u2019\u0131n yer ald\u0131\u011f\u0131 (4\u00d7200 metre bayrak)<\/p>\n","protected":false},"excerpt":{"rendered":"<p>T\u00fcrkiye Atletizm Federasyonu\u2019nun ev sahipli\u011finde be\u015f \u00fclkenin U18 tak\u0131mlar\u0131n\u0131 salonda bir araya getiren U18 Indoor Match\u2019ta Fransa \u015fampiyonlu\u011fu al\u0131rken, T\u00fcrkiye ikinci, Belarus da \u00fc\u00e7\u00fcnc\u00fc oldu. 06 Mart 2019 tarihinde \u0130stanbul Atak\u00f6y Spor Salonu&#8217;nda d\u00fczenlenen U18 Indoor Match\u2019ta yar\u0131\u015fan kul\u00fcb\u00fcm\u00fcz sporcular\u0131; 2 alt\u0131n,1 g\u00fcm\u00fc\u015f ve 4 bronz madalya kazand\u0131. M\u00fcsabakada madalya alan sporcular\u0131m\u0131z \u015fu \u015fekilde; Alt\u0131n [&hellip;]<\/p>\n","protected":false},"author":1,"featured_media":6521,"comment_status":"closed","ping_status":"closed","sticky":false,"template":"","format":"standard","meta":{"jnews-multi-image_gallery":[],"jnews_single_post":{"subtitle":"Kul\u00fcb\u00fcm\u00fcz sporcular\u0131, T\u00fcrkiye'nin ikinci oldu\u011fu U18 Indoor Match\u2019ta 7 madalya kazand\u0131.","format":"standard","video":"","gallery":"","source_name":"","source_url":"","via_name":"","via_url":"","override":[{"single_blog_custom":"","sidebar":"","second_sidebar":"","share_position":"","share_float_style":"","post_date_format":"","post_date_format_custom":"","post_reading_time_wpm":"","number_popup_post":"1"}],"image_override":[{"single_post_thumbnail_size":"","single_post_gallery_size":""}],"trending_post_position":"","trending_post_label":""},"jnews_primary_category":{"id":"13"},"jnews_social_meta":{"fb_title":"","fb_description":"","fb_image":"","twitter_title":"","twitter_description":"","twitter_image":""},"jnews_override_counter":{"view_counter_number":"0","share_counter_number":"0","like_counter_number":"0","dislike_counter_number":"0"},"footnotes":""},"categories":[13,2],"tags":[32,23],"class_list":["post-6520","post","type-post","status-publish","format-standard","has-post-thumbnail","hentry","category-atletizm","category-haberler","tag-atletizm","tag-fenerbahce"],"amp_enabled":true,"_links":{"self":[{"href":"https:\/\/www.fener.org\/index.php\/wp-json\/wp\/v2\/posts\/6520","targetHints":{"allow":["GET"]}}],"collection":[{"href":"https:\/\/www.fener.org\/index.php\/wp-json\/wp\/v2\/posts"}],"about":[{"href":"https:\/\/www.fener.org\/index.php\/wp-json\/wp\/v2\/types\/post"}],"author":[{"embeddable":true,"href":"https:\/\/www.fener.org\/index.php\/wp-json\/wp\/v2\/users\/1"}],"replies":[{"embeddable":true,"href":"https:\/\/www.fener.org\/index.php\/wp-json\/wp\/v2\/comments?post=6520"}],"version-history":[{"count":2,"href":"https:\/\/www.fener.org\/index.php\/wp-json\/wp\/v2\/posts\/6520\/revisions"}],"predecessor-version":[{"id":6525,"href":"https:\/\/www.fener.org\/index.php\/wp-json\/wp\/v2\/posts\/6520\/revisions\/6525"}],"wp:featuredmedia":[{"embeddable":true,"href":"https:\/\/www.fener.org\/index.php\/wp-json\/wp\/v2\/media\/6521"}],"wp:attachment":[{"href":"https:\/\/www.fener.org\/index.php\/wp-json\/wp\/v2\/media?parent=6520"}],"wp:term":[{"taxonomy":"category","embeddable":true,"href":"https:\/\/www.fener.org\/index.php\/wp-json\/wp\/v2\/categories?post=6520"},{"taxonomy":"post_tag","embeddable":true,"href":"https:\/\/www.fener.org\/index.php\/wp-json\/wp\/v2\/tags?post=6520"}],"curies":[{"name":"wp","href":"https:\/\/api.w.org\/{rel}","templated":true}]}}