{"id":648,"date":"2018-08-29T19:20:22","date_gmt":"2018-08-29T16:20:22","guid":{"rendered":"https:\/\/fener.org\/xwebsites\/wp\/fener\/?p=648"},"modified":"2018-09-03T16:17:40","modified_gmt":"2018-09-03T13:17:40","slug":"reyes-ve-frey-resmen-fenerbahcede","status":"publish","type":"post","link":"https:\/\/www.fener.org\/index.php\/2018\/08\/29\/reyes-ve-frey-resmen-fenerbahcede\/","title":{"rendered":"Reyes ve Frey resmen Fenerbah\u00e7e&#8217;de"},"content":{"rendered":"<p>Fenerbah\u00e7emizin yeni transferleri Diego Reyes ve Michael Frey\u2019in imza t\u00f6renleri ve bas\u0131n toplant\u0131lar\u0131, \u00dclker Stadyumu Fenerbah\u00e7e \u015e\u00fckr\u00fc Saraco\u011flu Spor Kompleksi&#8217;nde ger\u00e7ekle\u015ftirildi.<\/p>\n<p>Ba\u015fkan\u0131m\u0131z Ali Ko\u00e7 ve Y\u00f6neticilerimizin de kat\u0131ld\u0131\u011f\u0131 toplant\u0131ya oyuncular\u0131 takdim ederek ba\u015flayan Comolli, \u201cHer ikisi de kal\u0131c\u0131 transferlerimiz. Frey, Z\u00fcrih\u2019ten geldi. Diego ise bedelsiz. Her iki oyuncunun da tak\u0131m\u0131m\u0131za kat\u0131lmas\u0131ndan dolay\u0131 \u00e7ok mutluyum. Gen\u00e7 ve geli\u015fim yapacak, de\u011ferlenecek iki isimden bahsediyoruz. Bu transferlerin haftalard\u0131r \u00e7al\u0131\u015fmalar\u0131n\u0131 yap\u0131yoruz. En sonunda ger\u00e7ekle\u015ftirdi\u011fimiz i\u00e7in \u00e7ok mutluyuz\u201d diye konu\u015ftu.<\/p>\n<p>Diego Reyes s\u00f6zlerine, \u201cGer\u00e7ekten burada olmaktan dolay\u0131 mutlu ve gururluyum. D\u00fcnya kupas\u0131ndan \u00f6nce Cocu beni PSV\u2019ye istemi\u015fti, k\u0131smet Fenerbah\u00e7e oldu. Serbest bir oyuncuydum en do\u011fru yerin Fenerbah\u00e7e oldu\u011funu biliyordum. \u0130stedi\u011fim ger\u00e7ekle\u015fti\u011fi i\u00e7in de \u00e7ok mutluyum\u201d diye ba\u015flad\u0131. Meksikal\u0131 oyuncu, kendisinin sakat oldu\u011fu yolundaki iddialar\u0131 da kesin bir dille yalanlayarak, \u201cGer\u00e7ekten bu yanl\u0131\u015f bilgilerin nereden geldi\u011fini bilmiyorum. Porto\u2019yla s\u00f6zle\u015fme yenilemememin sebebi; bunu istememi\u015f olmamd\u0131r. Mutlu olaca\u011f\u0131m ba\u015far\u0131lar kazanaca\u011f\u0131m bir yerde olmak istedim ve o nedenle de buraday\u0131m\u201d dedi.<\/p>\n<p>\u0130svi\u00e7reli santrafor Michael Frey ise \u015f\u00f6yle konu\u015ftu: \u201cBurada olmaktan dolay\u0131 \u00e7ok mutluyum. Buradaki 2 santrfor da \u00e7ok yetenekli ve kariyerlerine sayg\u0131 duyuyorum ve onlardan \u00e7ok \u015fey \u00f6\u011frenece\u011fim. Beraber \u00e7al\u0131\u015facak \u00e7ok iyi \u015feyler yapaca\u011f\u0131z. Ge\u00e7en sezon \u00e7ok gol att\u0131m gollerin d\u0131\u015f\u0131nda ko\u015fan, sava\u015fan ve tak\u0131m i\u00e7in m\u00fccadele eden bir santraforum ben. Burada \u00e7ok ate\u015fli bir taraftar var. Fenerbah\u00e7e taraftar\u0131 inan\u0131lmaz. Onlar\u0131n \u00f6n\u00fcnde oynamak i\u00e7in sab\u0131rs\u0131zlan\u0131yorum. Buras\u0131 \u00e7ok \u00e7ok b\u00fcy\u00fck ve \u00e7ok g\u00fczel bir kul\u00fcp. Fenerbah\u00e7e sadece T\u00fcrkiye\u2019de de\u011fil Avrupa\u2019da da bilinen bir kul\u00fcp. Benim buraya gelmemin sebebi, m\u00fccadeleyi seven oyuncu karakterine sahip olmam. Uyand\u0131\u011f\u0131m her g\u00fcn \u00e7ok \u00e7al\u0131\u015faca\u011f\u0131m ve elimden geleni yapaca\u011f\u0131m. \u00c7ok y\u00f6nl\u00fc bir oyuncuyum. \u00c7ift veya tek santrfor oynar\u0131m. Santrfor gerisinde de oynad\u0131m. Elimden geleni yapaca\u011f\u0131m ve son karar\u0131 hoca verecek.\u201d<\/p>\n","protected":false},"excerpt":{"rendered":"<p>Fenerbah\u00e7emizin yeni transferleri Diego Reyes ve Michael Frey\u2019in imza t\u00f6renleri ve bas\u0131n toplant\u0131lar\u0131, \u00dclker Stadyumu Fenerbah\u00e7e \u015e\u00fckr\u00fc Saraco\u011flu Spor Kompleksi&#8217;nde ger\u00e7ekle\u015ftirildi. Ba\u015fkan\u0131m\u0131z Ali Ko\u00e7 ve Y\u00f6neticilerimizin de kat\u0131ld\u0131\u011f\u0131 toplant\u0131ya oyuncular\u0131 takdim ederek ba\u015flayan Comolli, \u201cHer ikisi de kal\u0131c\u0131 transferlerimiz. Frey, Z\u00fcrih\u2019ten geldi. Diego ise bedelsiz. Her iki oyuncunun da tak\u0131m\u0131m\u0131za kat\u0131lmas\u0131ndan dolay\u0131 \u00e7ok mutluyum. Gen\u00e7 [&hellip;]<\/p>\n","protected":false},"author":1,"featured_media":649,"comment_status":"open","ping_status":"open","sticky":false,"template":"","format":"standard","meta":{"jnews-multi-image_gallery":[],"jnews_single_post":{"override_template":"0","override":[{"template":"1","parallax":"1","fullscreen":"0","layout":"right-sidebar","sidebar":"default-sidebar","second_sidebar":"default-sidebar","sticky_sidebar":"1","share_position":"top","share_float_style":"share-monocrhome","show_share_counter":"1","show_view_counter":"1","show_featured":"1","show_post_meta":"1","show_post_author":"1","show_post_author_image":"1","show_post_date":"1","post_date_format":"default","post_date_format_custom":"Y\/m\/d","show_post_category":"1","show_post_tag":"1","show_prev_next_post":"1","show_popup_post":"1","number_popup_post":"1","show_author_box":"0","show_post_related":"1","show_inline_post_related":"0"}],"override_image_size":"0","image_override":[{"single_post_thumbnail_size":"crop-500","single_post_gallery_size":"crop-500"}]},"jnews_primary_category":{"id":"4"},"jnews_social_meta":[],"jnews_override_counter":[],"footnotes":""},"categories":[4,2,47],"tags":[],"class_list":["post-648","post","type-post","status-publish","format-standard","has-post-thumbnail","hentry","category-futbol","category-haberler","category-profesyonel-a-futbol-takimi"],"amp_enabled":true,"_links":{"self":[{"href":"https:\/\/www.fener.org\/index.php\/wp-json\/wp\/v2\/posts\/648","targetHints":{"allow":["GET"]}}],"collection":[{"href":"https:\/\/www.fener.org\/index.php\/wp-json\/wp\/v2\/posts"}],"about":[{"href":"https:\/\/www.fener.org\/index.php\/wp-json\/wp\/v2\/types\/post"}],"author":[{"embeddable":true,"href":"https:\/\/www.fener.org\/index.php\/wp-json\/wp\/v2\/users\/1"}],"replies":[{"embeddable":true,"href":"https:\/\/www.fener.org\/index.php\/wp-json\/wp\/v2\/comments?post=648"}],"version-history":[{"count":1,"href":"https:\/\/www.fener.org\/index.php\/wp-json\/wp\/v2\/posts\/648\/revisions"}],"predecessor-version":[{"id":650,"href":"https:\/\/www.fener.org\/index.php\/wp-json\/wp\/v2\/posts\/648\/revisions\/650"}],"wp:featuredmedia":[{"embeddable":true,"href":"https:\/\/www.fener.org\/index.php\/wp-json\/wp\/v2\/media\/649"}],"wp:attachment":[{"href":"https:\/\/www.fener.org\/index.php\/wp-json\/wp\/v2\/media?parent=648"}],"wp:term":[{"taxonomy":"category","embeddable":true,"href":"https:\/\/www.fener.org\/index.php\/wp-json\/wp\/v2\/categories?post=648"},{"taxonomy":"post_tag","embeddable":true,"href":"https:\/\/www.fener.org\/index.php\/wp-json\/wp\/v2\/tags?post=648"}],"curies":[{"name":"wp","href":"https:\/\/api.w.org\/{rel}","templated":true}]}}