{"id":645,"date":"2018-08-29T19:11:12","date_gmt":"2018-08-29T16:11:12","guid":{"rendered":"https:\/\/fener.org\/xwebsites\/wp\/fener\/?p=645"},"modified":"2018-09-03T16:17:40","modified_gmt":"2018-09-03T13:17:40","slug":"cocu-kolay-pes-eden-karakterde-biri-degilim","status":"publish","type":"post","link":"https:\/\/www.fener.org\/index.php\/2018\/08\/29\/cocu-kolay-pes-eden-karakterde-biri-degilim\/","title":{"rendered":"Cocu: Kolay pes eden karakterde biri de\u011filim"},"content":{"rendered":"<p>Cocu, FBTV&#8217;ye yapt\u0131\u011f\u0131 a\u00e7\u0131klamada \u015funlar\u0131 s\u00f6yledi:<br \/>\n&#8220;\u00d6ncelikle dedikodular her zaman olacakt\u0131r. E\u011fer ki oynad\u0131\u011f\u0131n\u0131z ma\u00e7lar\u0131 kazan\u0131rsan\u0131z, her \u015fey yolunda giderse daha az dedikodu olur. B\u00fcy\u00fck tak\u0131mlar i\u00e7in sonu\u00e7lar iyi olmad\u0131\u011f\u0131 takdirde de dedikodular olacakt\u0131r ve bu futbolun bir par\u00e7as\u0131. Fakat \u015funu ifade etmek istiyorum ki istifa etmeyece\u011fim. Bence Fenerbah\u00e7e Spor Kul\u00fcb\u00fc Ba\u015fkan\u0131 Ali Ko\u00e7 ve Sportif Direkt\u00f6r Damien Comolli ile birlikte ba\u015flad\u0131\u011f\u0131m\u0131z bu yolculuk bir meydan okuma \u00e7\u00fcnk\u00fc tak\u0131m ve kul\u00fcp i\u00e7inde de\u011fi\u015fiklikleri yapman\u0131n kolay olmad\u0131\u011f\u0131n\u0131 biliyoruz. Ben, Damien Comolli, teknik ekip, Y\u00f6netim Kurulu, Ba\u015fkan\u0131m\u0131z ve kul\u00fcb\u00fcn t\u00fcm taraflar\u0131 hep birlikte her g\u00fcn \u00e7ok yo\u011fun \u00e7al\u0131\u015f\u0131yoruz. Ben bir tercih yapt\u0131m ve buraya gelmeyi, yeni bir yolculu\u011fa \u00e7\u0131kmay\u0131 se\u00e7tim. Ben kolay pes eden karakterde biri de\u011filim. \u015eimdi aya\u011fa kalkmal\u0131 ve daha fazla \u00e7al\u0131\u015f\u0131p, daha fazla enerji sarf edip, sonunda ba\u015far\u0131ya ula\u015fmal\u0131y\u0131z. De\u011fi\u015fiklikler her zaman belli bir s\u00fcre al\u0131r. Bu konuyla ilgili birka\u00e7 kez konu\u015fmu\u015ftuk, kul\u00fcp i\u00e7inde de\u011fi\u015fim ve UEFA taraf\u0131ndan uygulanan finansal s\u0131n\u0131rlamalar. Hep birlikte bu sorunlar\u0131 \u00e7\u00f6zmeye \u00e7al\u0131\u015f\u0131yoruz ve do\u011fru \u015fekilde ilerliyoruz. Bu da bazen baz\u0131 transferler i\u00e7in neden beklemek zorunda oldu\u011fumuzu ve neden baz\u0131 oyuncular\u0131 satt\u0131\u011f\u0131m\u0131z\u0131 a\u00e7\u0131kl\u0131yor. En \u00f6nemli olan konu ise tak\u0131m\u0131 tamamlamak i\u00e7in \u00e7ok \u00e7al\u0131\u015faca\u011f\u0131m\u0131z birka\u00e7 g\u00fcne hala sahip olmam\u0131z. Tak\u0131m tamamland\u0131\u011f\u0131nda dedikodular da azalacakt\u0131r. Biz de 1 Eyl\u00fcl\u2019den en az\u0131ndan ocak ay\u0131na, umar\u0131m sezon sonuna kadar tak\u0131ma odaklanabilece\u011fiz. E\u011fer ki cumartesi g\u00fcn\u00fc taraftarlar\u0131m\u0131z\u0131n deste\u011fi ile oynayaca\u011f\u0131m\u0131z ma\u00e7tan iyi bir sonu\u00e7 al\u0131rsak herkes kendisini \u00e7ok daha iyi hissedecektir \u00e7\u00fcnk\u00fc bir futbol ma\u00e7\u0131n\u0131 ya da herhangi bir ma\u00e7\u0131 kazanmad\u0131\u011f\u0131n\u0131z takdirde hi\u00e7 kimsenin mutlu olmamas\u0131 gayet normaldir. Her ma\u00e7\u0131 kazanmak, her antrenman\u0131 iyi ge\u00e7irmek i\u00e7in arzulu olmal\u0131y\u0131z. E\u011fer birlikte s\u0131k\u0131 \u00e7al\u0131\u015f\u0131rsak, ba\u015far\u0131l\u0131 olaca\u011f\u0131z, kendimizi geli\u015ftirece\u011fiz. Kalitemiz var, b\u00fcy\u00fck bir kul\u00fcb\u00fcz. Burada \u00e7al\u0131\u015ft\u0131\u011f\u0131m i\u00e7in \u00e7ok gurur duyuyorum. Zor zamanlarda birlikte durmam\u0131z gerekiyor, ba\u015fkan\u0131m\u0131z\u0131n da her zaman s\u00f6yledi\u011fi gibi &#8216;Aile gibi olun, aile gibi \u00e7al\u0131\u015f\u0131n&#8217; biz de bunu yap\u0131yoruz.&#8221;<\/p>\n","protected":false},"excerpt":{"rendered":"<p>Cocu, FBTV&#8217;ye yapt\u0131\u011f\u0131 a\u00e7\u0131klamada \u015funlar\u0131 s\u00f6yledi: &#8220;\u00d6ncelikle dedikodular her zaman olacakt\u0131r. E\u011fer ki oynad\u0131\u011f\u0131n\u0131z ma\u00e7lar\u0131 kazan\u0131rsan\u0131z, her \u015fey yolunda giderse daha az dedikodu olur. B\u00fcy\u00fck tak\u0131mlar i\u00e7in sonu\u00e7lar iyi olmad\u0131\u011f\u0131 takdirde de dedikodular olacakt\u0131r ve bu futbolun bir par\u00e7as\u0131. Fakat \u015funu ifade etmek istiyorum ki istifa etmeyece\u011fim. Bence Fenerbah\u00e7e Spor Kul\u00fcb\u00fc Ba\u015fkan\u0131 Ali Ko\u00e7 ve [&hellip;]<\/p>\n","protected":false},"author":1,"featured_media":646,"comment_status":"open","ping_status":"open","sticky":false,"template":"","format":"standard","meta":{"jnews-multi-image_gallery":[],"jnews_single_post":{"override_template":"0","override":[{"template":"1","parallax":"1","fullscreen":"0","layout":"right-sidebar","sidebar":"default-sidebar","second_sidebar":"default-sidebar","sticky_sidebar":"1","share_position":"top","share_float_style":"share-monocrhome","show_share_counter":"1","show_view_counter":"1","show_featured":"1","show_post_meta":"1","show_post_author":"1","show_post_author_image":"1","show_post_date":"1","post_date_format":"default","post_date_format_custom":"Y\/m\/d","show_post_category":"1","show_post_tag":"1","show_prev_next_post":"1","show_popup_post":"1","number_popup_post":"1","show_author_box":"0","show_post_related":"1","show_inline_post_related":"0"}],"override_image_size":"0","image_override":[{"single_post_thumbnail_size":"crop-500","single_post_gallery_size":"crop-500"}]},"jnews_primary_category":{"id":"4"},"jnews_social_meta":[],"jnews_override_counter":[],"footnotes":""},"categories":[4,2,47],"tags":[],"class_list":["post-645","post","type-post","status-publish","format-standard","has-post-thumbnail","hentry","category-futbol","category-haberler","category-profesyonel-a-futbol-takimi"],"amp_enabled":true,"_links":{"self":[{"href":"https:\/\/www.fener.org\/index.php\/wp-json\/wp\/v2\/posts\/645","targetHints":{"allow":["GET"]}}],"collection":[{"href":"https:\/\/www.fener.org\/index.php\/wp-json\/wp\/v2\/posts"}],"about":[{"href":"https:\/\/www.fener.org\/index.php\/wp-json\/wp\/v2\/types\/post"}],"author":[{"embeddable":true,"href":"https:\/\/www.fener.org\/index.php\/wp-json\/wp\/v2\/users\/1"}],"replies":[{"embeddable":true,"href":"https:\/\/www.fener.org\/index.php\/wp-json\/wp\/v2\/comments?post=645"}],"version-history":[{"count":1,"href":"https:\/\/www.fener.org\/index.php\/wp-json\/wp\/v2\/posts\/645\/revisions"}],"predecessor-version":[{"id":647,"href":"https:\/\/www.fener.org\/index.php\/wp-json\/wp\/v2\/posts\/645\/revisions\/647"}],"wp:featuredmedia":[{"embeddable":true,"href":"https:\/\/www.fener.org\/index.php\/wp-json\/wp\/v2\/media\/646"}],"wp:attachment":[{"href":"https:\/\/www.fener.org\/index.php\/wp-json\/wp\/v2\/media?parent=645"}],"wp:term":[{"taxonomy":"category","embeddable":true,"href":"https:\/\/www.fener.org\/index.php\/wp-json\/wp\/v2\/categories?post=645"},{"taxonomy":"post_tag","embeddable":true,"href":"https:\/\/www.fener.org\/index.php\/wp-json\/wp\/v2\/tags?post=645"}],"curies":[{"name":"wp","href":"https:\/\/api.w.org\/{rel}","templated":true}]}}