{"id":6419,"date":"2019-02-28T21:56:37","date_gmt":"2019-02-28T18:56:37","guid":{"rendered":"https:\/\/www.fener.org\/?p=6419"},"modified":"2019-02-28T21:58:23","modified_gmt":"2019-02-28T18:58:23","slug":"potanin-kraliceleri-finalde","status":"publish","type":"post","link":"https:\/\/www.fener.org\/index.php\/2019\/02\/28\/potanin-kraliceleri-finalde\/","title":{"rendered":"Potan\u0131n Krali\u00e7eleri finalde"},"content":{"rendered":"\n<p>Kad\u0131nlar T\u00fcrkiye Kupas\u0131 yar\u0131 final ma\u00e7\u0131nda Mersin B\u015eB ile kar\u015f\u0131la\u015fan Fenerbah\u00e7emiz, rakibini 60-36 yenerek ad\u0131n\u0131 finale yazd\u0131rd\u0131. Fenerbah\u00e7emiz finalde cumartesi g\u00fcn\u00fc Bota\u015f ile kar\u015f\u0131la\u015facak.<\/p>\n\n\n\n<p>\u015eanl\u0131urfa\u2019da d\u00fczenlenen Kad\u0131nlar T\u00fcrkiye Kupas\u0131 yar\u0131 finalinde Fenerbah\u00e7e, Mersin B\u00fcy\u00fck\u015fehir Belediyesi ile kar\u015f\u0131la\u015ft\u0131. 11 Nisan Spor Salonu\u2019nda oynanan ma\u00e7\u0131n ilk 7 dakikas\u0131n\u0131 Fenerbah\u00e7e, Verameyenka ve Hartley\u2019in basketleriyle 6-3 \u00f6nde ge\u00e7ti. \u0130ki tak\u0131m\u0131nda h\u00fccumda skor bulmakta zorland\u0131\u011f\u0131 ilk periyodu 9-5 \u00f6nde ge\u00e7en Sar\u0131 Lacivertliler, skor \u00fcst\u00fcnl\u00fc\u011f\u00fcn\u00fc s\u00fcrd\u00fcrerek, m\u00fccadelenin ilk yar\u0131s\u0131n\u0131 21-19 \u00fcst\u00fcn ge\u00e7ti.<\/p>\n\n\n\n<p>\u00dc\u00e7\u00fcnc\u00fc periyoda Petronyte\u2019in say\u0131lar\u0131yla ba\u015flayan Mersin B\u00fcy\u00fck\u015fehir Belediyesi, 23. dakikada 26-24 \u00f6ne ge\u00e7ti. Verameyenka, Birsel ve Hartley\u2019in basketleriyle rakibinin serisini bozan Fenerbah\u00e7e, 27. dakikada 40-28\u2019lik skorla 12 say\u0131l\u0131k fark\u0131 yakalad\u0131. M\u00fccadelenin final periyoduna 42-30 \u00f6nde giren Sar\u0131 Lacivertliler, kar\u015f\u0131la\u015fman\u0131n d\u00f6rd\u00fcnc\u00fc \u00e7eyre\u011finde de etkili oyununu s\u00fcrd\u00fcrd\u00fc. Kiah Stokes ile fark\u0131 daha da a\u00e7an Fenerbah\u00e7e, ma\u00e7tan da 60-36 galibiyetle ayr\u0131lan taraf oldu.<\/p>\n\n\n\n<p>Fenerbah\u00e7emiz ile Bota\u015f aras\u0131nda oynanacak  final ma\u00e7\u0131, 2 Mart Cumartesi g\u00fcn\u00fc saat 15.00\u2019te \u015eanl\u0131urfa 11 Nisan Salonu\u2019nda yap\u0131lacak.<\/p>\n\n\n<p><strong>Fenerbah\u00e7e (60):<\/strong> Birsel Vardarl\u0131 Demirmen 7, Verameyenka 6, Tu\u011f\u00e7e Can\u0131tez 8, Zandalasini, Hartley 16, Ay\u015fe Cora, Stokes 17, Esra Ural Topuz 2, Tilbe \u015eeny\u00fcrek 4, \u00d6zge Yava\u015f<\/p>\n<p><strong>\u00c7eyrek skorlar\u0131:<\/strong><br \/>1. \u00c7eyrek: 5-9 (Fenerbah\u00e7e)<br \/>2. \u00c7eyrek: 14-12 (Mersin B\u015eB)<br \/>3. \u00c7eyrek: 11-21 (Fenerbah\u00e7e)<br \/>4. \u00c7eyrek: 6-18 (Fenerbah\u00e7e)<\/p>","protected":false},"excerpt":{"rendered":"<p>Kad\u0131nlar T\u00fcrkiye Kupas\u0131 yar\u0131 final ma\u00e7\u0131nda Mersin B\u015eB ile kar\u015f\u0131la\u015fan Fenerbah\u00e7emiz, rakibini 60-36 yenerek ad\u0131n\u0131 finale yazd\u0131rd\u0131. Fenerbah\u00e7emiz finalde cumartesi g\u00fcn\u00fc Bota\u015f ile kar\u015f\u0131la\u015facak. \u015eanl\u0131urfa\u2019da d\u00fczenlenen Kad\u0131nlar T\u00fcrkiye Kupas\u0131 yar\u0131 finalinde Fenerbah\u00e7e, Mersin B\u00fcy\u00fck\u015fehir Belediyesi ile kar\u015f\u0131la\u015ft\u0131. 11 Nisan Spor Salonu\u2019nda oynanan ma\u00e7\u0131n ilk 7 dakikas\u0131n\u0131 Fenerbah\u00e7e, Verameyenka ve Hartley\u2019in basketleriyle 6-3 \u00f6nde ge\u00e7ti. \u0130ki [&hellip;]<\/p>\n","protected":false},"author":1,"featured_media":6420,"comment_status":"closed","ping_status":"closed","sticky":false,"template":"","format":"standard","meta":{"jnews-multi-image_gallery":[],"jnews_single_post":{"subtitle":"Fenerbah\u00e7e Kad\u0131n Basketbol Tak\u0131m\u0131m\u0131z, Mersin B\u015eB ile kar\u015f\u0131la\u015ft\u0131\u011f\u0131 m\u00fccadeleden galibiyetle ayr\u0131larak T\u00fcrkiye Kupas\u0131\u2019nda finale y\u00fckseldi.","format":"standard","video":"","gallery":"","source_name":"","source_url":"","via_name":"","via_url":"","override":[{"single_blog_custom":"","sidebar":"","second_sidebar":"","share_position":"","share_float_style":"","post_date_format":"","post_date_format_custom":"","post_reading_time_wpm":"","number_popup_post":"1"}],"image_override":[{"single_post_thumbnail_size":"","single_post_gallery_size":""}],"trending_post_position":"","trending_post_label":""},"jnews_primary_category":{"id":"5"},"jnews_social_meta":{"fb_title":"","fb_description":"","fb_image":"","twitter_title":"","twitter_description":"","twitter_image":""},"jnews_override_counter":{"view_counter_number":"0","share_counter_number":"0","like_counter_number":"0","dislike_counter_number":"0"},"footnotes":""},"categories":[5,2,7],"tags":[24,23],"class_list":["post-6419","post","type-post","status-publish","format-standard","has-post-thumbnail","hentry","category-basketbol","category-haberler","category-kadin-basketbol","tag-basketbol","tag-fenerbahce"],"amp_enabled":true,"_links":{"self":[{"href":"https:\/\/www.fener.org\/index.php\/wp-json\/wp\/v2\/posts\/6419","targetHints":{"allow":["GET"]}}],"collection":[{"href":"https:\/\/www.fener.org\/index.php\/wp-json\/wp\/v2\/posts"}],"about":[{"href":"https:\/\/www.fener.org\/index.php\/wp-json\/wp\/v2\/types\/post"}],"author":[{"embeddable":true,"href":"https:\/\/www.fener.org\/index.php\/wp-json\/wp\/v2\/users\/1"}],"replies":[{"embeddable":true,"href":"https:\/\/www.fener.org\/index.php\/wp-json\/wp\/v2\/comments?post=6419"}],"version-history":[{"count":1,"href":"https:\/\/www.fener.org\/index.php\/wp-json\/wp\/v2\/posts\/6419\/revisions"}],"predecessor-version":[{"id":6421,"href":"https:\/\/www.fener.org\/index.php\/wp-json\/wp\/v2\/posts\/6419\/revisions\/6421"}],"wp:featuredmedia":[{"embeddable":true,"href":"https:\/\/www.fener.org\/index.php\/wp-json\/wp\/v2\/media\/6420"}],"wp:attachment":[{"href":"https:\/\/www.fener.org\/index.php\/wp-json\/wp\/v2\/media?parent=6419"}],"wp:term":[{"taxonomy":"category","embeddable":true,"href":"https:\/\/www.fener.org\/index.php\/wp-json\/wp\/v2\/categories?post=6419"},{"taxonomy":"post_tag","embeddable":true,"href":"https:\/\/www.fener.org\/index.php\/wp-json\/wp\/v2\/tags?post=6419"}],"curies":[{"name":"wp","href":"https:\/\/api.w.org\/{rel}","templated":true}]}}