{"id":6398,"date":"2019-02-27T22:06:26","date_gmt":"2019-02-27T19:06:26","guid":{"rendered":"https:\/\/www.fener.org\/?p=6398"},"modified":"2019-02-27T22:16:17","modified_gmt":"2019-02-27T19:16:17","slug":"fenerbahce-71-56-galatasaray","status":"publish","type":"post","link":"https:\/\/www.fener.org\/index.php\/2019\/02\/27\/fenerbahce-71-56-galatasaray\/","title":{"rendered":"Fenerbah\u00e7e 71-56 Galatasaray"},"content":{"rendered":"\n<p>\u015eanl\u0131urfa\u2019da d\u00fczenlenen Kad\u0131nlar T\u00fcrkiye Kupas\u0131&#8217;nda,  \u00e7eyrek final ma\u00e7\u0131nda Galatasaray ile kar\u015f\u0131la\u015fan Fenerbah\u00e7e Kad\u0131n  Basketbol Tak\u0131m\u0131m\u0131z, 11 Nisan Spor Salonu\u2019nda oynanan m\u00fccadeleden 71-56  galip ayr\u0131ld\u0131. Potan\u0131n Krali\u00e7eleri, bu sonu\u00e7la Kupa\u2019da ad\u0131n\u0131 yar\u0131 finale  yazd\u0131rd\u0131.<br><br>Sar\u0131-lacivertli tak\u0131m\u0131m\u0131z, T\u00fcrkiye Kupas\u0131 yar\u0131  final ma\u00e7\u0131nda yar\u0131n (28 \u015eubat Per\u015fembe g\u00fcn\u00fc) saat 19.30\u2019da Mersin B\u00fcy\u00fck\u015fehir  Belediye ile kar\u015f\u0131la\u015facak. M\u00fccadele Tivibu Spor\u2019dan naklen yay\u0131nlanacak. <\/p>\n","protected":false},"excerpt":{"rendered":"<p>\u015eanl\u0131urfa\u2019da d\u00fczenlenen Kad\u0131nlar T\u00fcrkiye Kupas\u0131&#8217;nda, \u00e7eyrek final ma\u00e7\u0131nda Galatasaray ile kar\u015f\u0131la\u015fan Fenerbah\u00e7e Kad\u0131n Basketbol Tak\u0131m\u0131m\u0131z, 11 Nisan Spor Salonu\u2019nda oynanan m\u00fccadeleden 71-56 galip ayr\u0131ld\u0131. Potan\u0131n Krali\u00e7eleri, bu sonu\u00e7la Kupa\u2019da ad\u0131n\u0131 yar\u0131 finale yazd\u0131rd\u0131. Sar\u0131-lacivertli tak\u0131m\u0131m\u0131z, T\u00fcrkiye Kupas\u0131 yar\u0131 final ma\u00e7\u0131nda yar\u0131n (28 \u015eubat Per\u015fembe g\u00fcn\u00fc) saat 19.30\u2019da Mersin B\u00fcy\u00fck\u015fehir Belediye ile kar\u015f\u0131la\u015facak. M\u00fccadele Tivibu Spor\u2019dan [&hellip;]<\/p>\n","protected":false},"author":1,"featured_media":6399,"comment_status":"closed","ping_status":"closed","sticky":false,"template":"","format":"standard","meta":{"jnews-multi-image_gallery":[],"jnews_single_post":{"subtitle":"Fenerbah\u00e7e Kad\u0131n Basketbol Tak\u0131m\u0131m\u0131z T\u00fcrkiye Kupas\u0131\u2019nda yar\u0131 finale y\u00fckseldi.","format":"standard","video":"","gallery":"","source_name":"","source_url":"","via_name":"","via_url":"","override":[{"single_blog_custom":"","sidebar":"","second_sidebar":"","share_position":"","share_float_style":"","post_date_format":"","post_date_format_custom":"","post_reading_time_wpm":"","number_popup_post":"1"}],"image_override":[{"single_post_thumbnail_size":"","single_post_gallery_size":""}],"trending_post_position":"","trending_post_label":""},"jnews_primary_category":{"id":"5"},"jnews_social_meta":{"fb_title":"","fb_description":"","fb_image":"","twitter_title":"","twitter_description":"","twitter_image":""},"jnews_override_counter":{"view_counter_number":"0","share_counter_number":"0","like_counter_number":"0","dislike_counter_number":"0"},"footnotes":""},"categories":[5,2,7],"tags":[24,23],"class_list":["post-6398","post","type-post","status-publish","format-standard","has-post-thumbnail","hentry","category-basketbol","category-haberler","category-kadin-basketbol","tag-basketbol","tag-fenerbahce"],"amp_enabled":true,"_links":{"self":[{"href":"https:\/\/www.fener.org\/index.php\/wp-json\/wp\/v2\/posts\/6398","targetHints":{"allow":["GET"]}}],"collection":[{"href":"https:\/\/www.fener.org\/index.php\/wp-json\/wp\/v2\/posts"}],"about":[{"href":"https:\/\/www.fener.org\/index.php\/wp-json\/wp\/v2\/types\/post"}],"author":[{"embeddable":true,"href":"https:\/\/www.fener.org\/index.php\/wp-json\/wp\/v2\/users\/1"}],"replies":[{"embeddable":true,"href":"https:\/\/www.fener.org\/index.php\/wp-json\/wp\/v2\/comments?post=6398"}],"version-history":[{"count":1,"href":"https:\/\/www.fener.org\/index.php\/wp-json\/wp\/v2\/posts\/6398\/revisions"}],"predecessor-version":[{"id":6400,"href":"https:\/\/www.fener.org\/index.php\/wp-json\/wp\/v2\/posts\/6398\/revisions\/6400"}],"wp:featuredmedia":[{"embeddable":true,"href":"https:\/\/www.fener.org\/index.php\/wp-json\/wp\/v2\/media\/6399"}],"wp:attachment":[{"href":"https:\/\/www.fener.org\/index.php\/wp-json\/wp\/v2\/media?parent=6398"}],"wp:term":[{"taxonomy":"category","embeddable":true,"href":"https:\/\/www.fener.org\/index.php\/wp-json\/wp\/v2\/categories?post=6398"},{"taxonomy":"post_tag","embeddable":true,"href":"https:\/\/www.fener.org\/index.php\/wp-json\/wp\/v2\/tags?post=6398"}],"curies":[{"name":"wp","href":"https:\/\/api.w.org\/{rel}","templated":true}]}}