{"id":6387,"date":"2019-02-26T22:03:53","date_gmt":"2019-02-26T19:03:53","guid":{"rendered":"https:\/\/www.fener.org\/?p=6387"},"modified":"2019-02-26T22:04:28","modified_gmt":"2019-02-26T19:04:28","slug":"the-carnival-racede-ucunculuk","status":"publish","type":"post","link":"https:\/\/www.fener.org\/index.php\/2019\/02\/26\/the-carnival-racede-ucunculuk\/","title":{"rendered":"The Carnival Race\u2019de \u00fc\u00e7\u00fcnc\u00fcl\u00fck"},"content":{"rendered":"\n<p>Fenerbah\u00e7e Do\u011fu\u015f Yelken\u2019in olimpik milli sporcular\u0131 Ate\u015f ve Deniz \u00c7\u0131nar, 21-24 \u015eubat tarihleri aras\u0131nda \u0130talya\u2019da d\u00fczenlenen The Carnival Race\u2019de 3. oldu.<\/p>\n\n\n\n<p>Sporcular\u0131m\u0131z, 18 \u00fclkeden 47 teknenin m\u00fccadele etti\u011fi 10 yar\u0131\u015f\u0131n sonunda toplamda 52 puan elde ederek ilk iki s\u0131radaki \u0130sve\u00e7 ve Frans\u0131z ekiplerinin ard\u0131ndan 3.s\u0131ray\u0131 elde ettiler.<\/p>\n\n\n\n<p>Bu y\u0131l 2020 Tokyo Olimpiyatlar\u0131 i\u00e7in kota m\u00fccadelesi verecek Ate\u015f ve Deniz \u00c7\u0131nar, \u00fclkemize yelkende ilk madalyas\u0131n\u0131 kazand\u0131rmay\u0131 hedefliyor.<\/p>\n","protected":false},"excerpt":{"rendered":"<p>Fenerbah\u00e7e Do\u011fu\u015f Yelken\u2019in olimpik milli sporcular\u0131 Ate\u015f ve Deniz \u00c7\u0131nar, 21-24 \u015eubat tarihleri aras\u0131nda \u0130talya\u2019da d\u00fczenlenen The Carnival Race\u2019de 3. oldu. Sporcular\u0131m\u0131z, 18 \u00fclkeden 47 teknenin m\u00fccadele etti\u011fi 10 yar\u0131\u015f\u0131n sonunda toplamda 52 puan elde ederek ilk iki s\u0131radaki \u0130sve\u00e7 ve Frans\u0131z ekiplerinin ard\u0131ndan 3.s\u0131ray\u0131 elde ettiler. Bu y\u0131l 2020 Tokyo Olimpiyatlar\u0131 i\u00e7in kota m\u00fccadelesi [&hellip;]<\/p>\n","protected":false},"author":1,"featured_media":6388,"comment_status":"closed","ping_status":"closed","sticky":false,"template":"","format":"standard","meta":{"jnews-multi-image_gallery":[],"jnews_single_post":{"subtitle":"","format":"standard","video":"","gallery":"","source_name":"","source_url":"","via_name":"","via_url":"","override":[{"single_blog_custom":"","sidebar":"","second_sidebar":"","share_position":"","share_float_style":"","post_date_format":"","post_date_format_custom":"","post_reading_time_wpm":"","number_popup_post":"1"}],"image_override":[{"single_post_thumbnail_size":"","single_post_gallery_size":""}],"trending_post_position":"","trending_post_label":""},"jnews_primary_category":{"id":"12"},"jnews_social_meta":{"fb_title":"","fb_description":"","fb_image":"","twitter_title":"","twitter_description":"","twitter_image":""},"jnews_override_counter":{"view_counter_number":"0","share_counter_number":"0","like_counter_number":"0","dislike_counter_number":"0"},"footnotes":""},"categories":[2,12],"tags":[23,31],"class_list":["post-6387","post","type-post","status-publish","format-standard","has-post-thumbnail","hentry","category-haberler","category-yelken","tag-fenerbahce","tag-yelken"],"amp_enabled":true,"_links":{"self":[{"href":"https:\/\/www.fener.org\/index.php\/wp-json\/wp\/v2\/posts\/6387","targetHints":{"allow":["GET"]}}],"collection":[{"href":"https:\/\/www.fener.org\/index.php\/wp-json\/wp\/v2\/posts"}],"about":[{"href":"https:\/\/www.fener.org\/index.php\/wp-json\/wp\/v2\/types\/post"}],"author":[{"embeddable":true,"href":"https:\/\/www.fener.org\/index.php\/wp-json\/wp\/v2\/users\/1"}],"replies":[{"embeddable":true,"href":"https:\/\/www.fener.org\/index.php\/wp-json\/wp\/v2\/comments?post=6387"}],"version-history":[{"count":1,"href":"https:\/\/www.fener.org\/index.php\/wp-json\/wp\/v2\/posts\/6387\/revisions"}],"predecessor-version":[{"id":6389,"href":"https:\/\/www.fener.org\/index.php\/wp-json\/wp\/v2\/posts\/6387\/revisions\/6389"}],"wp:featuredmedia":[{"embeddable":true,"href":"https:\/\/www.fener.org\/index.php\/wp-json\/wp\/v2\/media\/6388"}],"wp:attachment":[{"href":"https:\/\/www.fener.org\/index.php\/wp-json\/wp\/v2\/media?parent=6387"}],"wp:term":[{"taxonomy":"category","embeddable":true,"href":"https:\/\/www.fener.org\/index.php\/wp-json\/wp\/v2\/categories?post=6387"},{"taxonomy":"post_tag","embeddable":true,"href":"https:\/\/www.fener.org\/index.php\/wp-json\/wp\/v2\/tags?post=6387"}],"curies":[{"name":"wp","href":"https:\/\/api.w.org\/{rel}","templated":true}]}}