{"id":6219,"date":"2019-02-18T23:24:34","date_gmt":"2019-02-18T20:24:34","guid":{"rendered":"https:\/\/www.fener.org\/?p=6219"},"modified":"2019-02-18T23:24:49","modified_gmt":"2019-02-18T20:24:49","slug":"vesely-5-soru-5-cevap-programina-katildi","status":"publish","type":"post","link":"https:\/\/www.fener.org\/index.php\/2019\/02\/18\/vesely-5-soru-5-cevap-programina-katildi\/","title":{"rendered":"Vesely, 5 Soru 5 Cevap program\u0131na kat\u0131ld\u0131"},"content":{"rendered":"\n<p>Sar\u0131-lacivertli ekibimizin \u00c7ek y\u0131ld\u0131z\u0131, FB TV\u2019nin 5 Soru 5 Cevap adl\u0131 program\u0131na konuk oldu ve kariyerinin kilometre ta\u015flar\u0131na dair sorular yan\u0131tlad\u0131.<\/p>\n\n\n\n<p>EuroLeague kariyerinde \u00fc\u00e7l\u00fck isabeti buldu\u011fu ma\u00e7lar, ge\u00e7ti\u011fimiz sezon ald\u0131\u011f\u0131 ribaund say\u0131s\u0131, Fenerbah\u00e7e Beko ile \u00e7\u0131kt\u0131\u011f\u0131 ilk ma\u00e7 gibi konular\u0131 hat\u0131rlamaya \u00e7al\u0131\u015ft\u0131 ve tak\u0131m arkada\u015flar\u0131 hakk\u0131ndaki sorular\u0131 yan\u0131tlad\u0131.<\/p>\n\n\n\n<p>\u0130\u015fte Jan Vesely\u2019nin programdaki keyifli sohbetinden b\u00f6l\u00fcmler:<\/p>\n\n\n\n<figure class=\"wp-block-embed-youtube wp-block-embed is-type-video is-provider-youtube wp-embed-aspect-16-9 wp-has-aspect-ratio\"><div class=\"wp-block-embed__wrapper\">\nhttps:\/\/www.youtube.com\/watch?v=BXrRxaN-OSc\n<\/div><\/figure>\n","protected":false},"excerpt":{"rendered":"<p>Sar\u0131-lacivertli ekibimizin \u00c7ek y\u0131ld\u0131z\u0131, FB TV\u2019nin 5 Soru 5 Cevap adl\u0131 program\u0131na konuk oldu ve kariyerinin kilometre ta\u015flar\u0131na dair sorular yan\u0131tlad\u0131. EuroLeague kariyerinde \u00fc\u00e7l\u00fck isabeti buldu\u011fu ma\u00e7lar, ge\u00e7ti\u011fimiz sezon ald\u0131\u011f\u0131 ribaund say\u0131s\u0131, Fenerbah\u00e7e Beko ile \u00e7\u0131kt\u0131\u011f\u0131 ilk ma\u00e7 gibi konular\u0131 hat\u0131rlamaya \u00e7al\u0131\u015ft\u0131 ve tak\u0131m arkada\u015flar\u0131 hakk\u0131ndaki sorular\u0131 yan\u0131tlad\u0131. \u0130\u015fte Jan Vesely\u2019nin programdaki keyifli sohbetinden b\u00f6l\u00fcmler:<\/p>\n","protected":false},"author":1,"featured_media":6220,"comment_status":"closed","ping_status":"closed","sticky":false,"template":"","format":"standard","meta":{"jnews-multi-image_gallery":[],"jnews_single_post":{"subtitle":"","format":"standard","video":"","gallery":"","source_name":"","source_url":"","via_name":"","via_url":"","override":[{"single_blog_custom":"","sidebar":"","second_sidebar":"","share_position":"","share_float_style":"","post_date_format":"","post_date_format_custom":"","post_reading_time_wpm":"","number_popup_post":"1"}],"image_override":[{"single_post_thumbnail_size":"","single_post_gallery_size":""}],"trending_post_position":"","trending_post_label":""},"jnews_primary_category":{"id":"5"},"jnews_social_meta":{"fb_title":"Fenerbah\u00e7e Erkek Basketbol Tak\u0131m\u0131m\u0131z\u0131n y\u0131ld\u0131z oyuncusu Jan Vesely, FB TV'de yay\u0131nlanan 5 Soru 5 Cevap program\u0131n\u0131n konu\u011fu oldu.","fb_description":"","fb_image":"","twitter_title":"","twitter_description":"","twitter_image":""},"jnews_override_counter":{"view_counter_number":"0","share_counter_number":"0","like_counter_number":"0","dislike_counter_number":"0"},"footnotes":""},"categories":[5,6,2],"tags":[23,84],"class_list":["post-6219","post","type-post","status-publish","format-standard","has-post-thumbnail","hentry","category-basketbol","category-erkek-basketbol","category-haberler","tag-fenerbahce","tag-janvesely"],"amp_enabled":true,"_links":{"self":[{"href":"https:\/\/www.fener.org\/index.php\/wp-json\/wp\/v2\/posts\/6219","targetHints":{"allow":["GET"]}}],"collection":[{"href":"https:\/\/www.fener.org\/index.php\/wp-json\/wp\/v2\/posts"}],"about":[{"href":"https:\/\/www.fener.org\/index.php\/wp-json\/wp\/v2\/types\/post"}],"author":[{"embeddable":true,"href":"https:\/\/www.fener.org\/index.php\/wp-json\/wp\/v2\/users\/1"}],"replies":[{"embeddable":true,"href":"https:\/\/www.fener.org\/index.php\/wp-json\/wp\/v2\/comments?post=6219"}],"version-history":[{"count":1,"href":"https:\/\/www.fener.org\/index.php\/wp-json\/wp\/v2\/posts\/6219\/revisions"}],"predecessor-version":[{"id":6221,"href":"https:\/\/www.fener.org\/index.php\/wp-json\/wp\/v2\/posts\/6219\/revisions\/6221"}],"wp:featuredmedia":[{"embeddable":true,"href":"https:\/\/www.fener.org\/index.php\/wp-json\/wp\/v2\/media\/6220"}],"wp:attachment":[{"href":"https:\/\/www.fener.org\/index.php\/wp-json\/wp\/v2\/media?parent=6219"}],"wp:term":[{"taxonomy":"category","embeddable":true,"href":"https:\/\/www.fener.org\/index.php\/wp-json\/wp\/v2\/categories?post=6219"},{"taxonomy":"post_tag","embeddable":true,"href":"https:\/\/www.fener.org\/index.php\/wp-json\/wp\/v2\/tags?post=6219"}],"curies":[{"name":"wp","href":"https:\/\/api.w.org\/{rel}","templated":true}]}}