{"id":6196,"date":"2019-02-18T11:57:55","date_gmt":"2019-02-18T08:57:55","guid":{"rendered":"https:\/\/www.fener.org\/?p=6196"},"modified":"2019-02-18T11:58:00","modified_gmt":"2019-02-18T08:58:00","slug":"obradovic-oyuncularimdan-cok-mutluyum","status":"publish","type":"post","link":"https:\/\/www.fener.org\/index.php\/2019\/02\/18\/obradovic-oyuncularimdan-cok-mutluyum\/","title":{"rendered":"Obradovic: Oyuncular\u0131mdan \u00e7ok mutluyum"},"content":{"rendered":"\n<p>Zeljko Obradovic \u015funlar\u0131 s\u00f6yledi:<\/p>\n\n\n\n<blockquote class=\"wp-block-quote is-layout-flow wp-block-quote-is-layout-flow\"><p>\u201cOyuncular\u0131mdan \u00e7ok mutluyum. \u00c7ok \u00e7al\u0131\u015f\u0131p elinizden gelenin en iyisine yap\u0131nca b\u00f6yle bir kupa kazand\u0131\u011f\u0131n\u0131zda yapt\u0131\u011f\u0131n\u0131z her \u015feyin ne kadar mant\u0131kl\u0131 oldu\u011funu ve yapt\u0131\u011f\u0131n\u0131z i\u015flerin ne kadar \u00f6nemli oldu\u011funu g\u00f6rebiliyorsunuz. Oyuncular\u0131m\u0131 bug\u00fcn i\u00e7in tebrik ediyorum, \u00f6zellikle d\u00fcn oynad\u0131\u011f\u0131m\u0131z \u00e7ok zorlu yar\u0131 final ma\u00e7\u0131ndan sonra. \u00c7ok kolay de\u011fil ama az vaktin oldu\u011funu, yorgun oldu\u011funuzu unutuyorsunuz ve \u00f6n\u00fcn\u00fczde bir hedef varken kendinizi buna y\u00fczde y\u00fcz haz\u0131rl\u0131yorsunuz. Kupa m\u00fcsabakalar\u0131 spesifik m\u00fcsabakalar. Eleme usul\u00fcyle oynand\u0131\u011f\u0131 i\u00e7in haz\u0131r olmam\u0131z gerekiyor. Tak\u0131mda sakatl\u0131klar a\u00e7\u0131s\u0131ndan baz\u0131 sorunlar\u0131m\u0131z var. Biz de bug\u00fcn antrenman\u0131 buna g\u00f6re ayarlay\u0131p baz\u0131 \u015feyleri de\u011fi\u015ftirdik ve bu \u00e7al\u0131\u015ft\u0131\u011f\u0131m\u0131z \u015feylerle de \u00e7ok g\u00fczel bir ma\u00e7 oynad\u0131k. Oyuncular\u0131m\u0131n bug\u00fcn oynama \u015feklinden dolay\u0131 gurur duyuyorum. Oyuncular\u0131m\u0131 tebrik ediyorum. Ofis ve kul\u00fcp ekibine te\u015fekk\u00fcr ediyorum. Ba\u015fkan\u0131m\u0131z, b\u00fct\u00fcn y\u00f6netim kurulu \u00e7ok b\u00fcy\u00fck destek verdiler. Muhte\u015fem bir taraftar vard\u0131. 3 g\u00fcn boyunca bize inan\u0131lmaz destek verdiler, bu \u00e7ok \u00f6zeldi. Bu kupa bizi bekleyenler i\u00e7in motivasyon olmal\u0131.\u201d<\/p><\/blockquote>\n","protected":false},"excerpt":{"rendered":"<p>Zeljko Obradovic \u015funlar\u0131 s\u00f6yledi: \u201cOyuncular\u0131mdan \u00e7ok mutluyum. \u00c7ok \u00e7al\u0131\u015f\u0131p elinizden gelenin en iyisine yap\u0131nca b\u00f6yle bir kupa kazand\u0131\u011f\u0131n\u0131zda yapt\u0131\u011f\u0131n\u0131z her \u015feyin ne kadar mant\u0131kl\u0131 oldu\u011funu ve yapt\u0131\u011f\u0131n\u0131z i\u015flerin ne kadar \u00f6nemli oldu\u011funu g\u00f6rebiliyorsunuz. Oyuncular\u0131m\u0131 bug\u00fcn i\u00e7in tebrik ediyorum, \u00f6zellikle d\u00fcn oynad\u0131\u011f\u0131m\u0131z \u00e7ok zorlu yar\u0131 final ma\u00e7\u0131ndan sonra. \u00c7ok kolay de\u011fil ama az vaktin oldu\u011funu, yorgun [&hellip;]<\/p>\n","protected":false},"author":1,"featured_media":6197,"comment_status":"closed","ping_status":"closed","sticky":false,"template":"","format":"standard","meta":{"jnews-multi-image_gallery":[],"jnews_single_post":{"subtitle":"Fenerbah\u00e7e Beko Erkek Basketbol Tak\u0131m\u0131m\u0131z\u0131n Ba\u015fantren\u00f6r\u00fc Zeljko Obradovic, tak\u0131m\u0131m\u0131z\u0131n Erkekler T\u00fcrkiye Kupas\u0131 finalinde Anadolu Efes'i ma\u011flup ederek \u015fampiyon olmas\u0131n\u0131n ard\u0131ndan a\u00e7\u0131klamalarda bulundu.","format":"standard","video":"","gallery":"","source_name":"","source_url":"","via_name":"","via_url":"","override":[{"single_blog_custom":"","sidebar":"","second_sidebar":"","share_position":"","share_float_style":"","post_date_format":"","post_date_format_custom":"","number_popup_post":"1"}],"image_override":[{"single_post_thumbnail_size":"","single_post_gallery_size":""}],"trending_post_position":"","trending_post_label":""},"jnews_primary_category":{"id":"5"},"jnews_social_meta":[],"jnews_override_counter":{"view_counter_number":"0","share_counter_number":"0","like_counter_number":"0","dislike_counter_number":"0"},"footnotes":""},"categories":[5,6,2],"tags":[23,79,75],"class_list":["post-6196","post","type-post","status-publish","format-standard","has-post-thumbnail","hentry","category-basketbol","category-erkek-basketbol","category-haberler","tag-fenerbahce","tag-neverenough","tag-zeljkoobradovic"],"amp_enabled":true,"_links":{"self":[{"href":"https:\/\/www.fener.org\/index.php\/wp-json\/wp\/v2\/posts\/6196","targetHints":{"allow":["GET"]}}],"collection":[{"href":"https:\/\/www.fener.org\/index.php\/wp-json\/wp\/v2\/posts"}],"about":[{"href":"https:\/\/www.fener.org\/index.php\/wp-json\/wp\/v2\/types\/post"}],"author":[{"embeddable":true,"href":"https:\/\/www.fener.org\/index.php\/wp-json\/wp\/v2\/users\/1"}],"replies":[{"embeddable":true,"href":"https:\/\/www.fener.org\/index.php\/wp-json\/wp\/v2\/comments?post=6196"}],"version-history":[{"count":1,"href":"https:\/\/www.fener.org\/index.php\/wp-json\/wp\/v2\/posts\/6196\/revisions"}],"predecessor-version":[{"id":6198,"href":"https:\/\/www.fener.org\/index.php\/wp-json\/wp\/v2\/posts\/6196\/revisions\/6198"}],"wp:featuredmedia":[{"embeddable":true,"href":"https:\/\/www.fener.org\/index.php\/wp-json\/wp\/v2\/media\/6197"}],"wp:attachment":[{"href":"https:\/\/www.fener.org\/index.php\/wp-json\/wp\/v2\/media?parent=6196"}],"wp:term":[{"taxonomy":"category","embeddable":true,"href":"https:\/\/www.fener.org\/index.php\/wp-json\/wp\/v2\/categories?post=6196"},{"taxonomy":"post_tag","embeddable":true,"href":"https:\/\/www.fener.org\/index.php\/wp-json\/wp\/v2\/tags?post=6196"}],"curies":[{"name":"wp","href":"https:\/\/api.w.org\/{rel}","templated":true}]}}