{"id":6095,"date":"2019-02-13T23:45:30","date_gmt":"2019-02-13T20:45:30","guid":{"rendered":"https:\/\/www.fener.org\/?p=6095"},"modified":"2019-02-13T23:45:44","modified_gmt":"2019-02-13T20:45:44","slug":"yildiz-ve-buyuk-kadinlar-turkiye-boks-sampiyonasi-basladi","status":"publish","type":"post","link":"https:\/\/www.fener.org\/index.php\/2019\/02\/13\/yildiz-ve-buyuk-kadinlar-turkiye-boks-sampiyonasi-basladi\/","title":{"rendered":"Y\u0131ld\u0131z ve B\u00fcy\u00fck Kad\u0131nlar T\u00fcrkiye Boks \u015eampiyonas\u0131 ba\u015flad\u0131"},"content":{"rendered":"\n<p>Esenyurt Belediyesi Cumhuriyet Spor Salonu\u2019nun ev sahipli\u011finde  d\u00fczenlenen Y\u0131ld\u0131z ve B\u00fcy\u00fck Kad\u0131nlar T\u00fcrkiye \u015eampiyonas\u0131\u2019nda m\u00fccadele  eden boks\u00f6rlerimizden 4\u2019\u00fc bir \u00fcst tura y\u00fckseldi.<br><br>\u015eampiyonan\u0131n ilk g\u00fcn\u00fcnde Y\u0131ld\u0131z Kad\u0131nlar kategorisinde ringe \u00e7\u0131kan  sporcular\u0131m\u0131zdan 57 kg\u2019da Elif Yavuz, B\u00fcy\u00fck Kad\u0131nlarda ise 52 kg\u2019da Buse  Naz \u00c7ak\u0131ro\u011flu ve Ay\u015fenur Topal ile 60 kg\u2019da Sat\u0131 Burcu bir \u00fcst tura  \u00e7\u0131kmay\u0131 ba\u015fard\u0131.<br><br>Y\u0131ld\u0131z Kad\u0131nlarda m\u00fccadele eden 60 kg\u2019da Gamze Kabahor ise \u015fampiyonaya bu turda veda etti. <\/p>\n","protected":false},"excerpt":{"rendered":"<p>Esenyurt Belediyesi Cumhuriyet Spor Salonu\u2019nun ev sahipli\u011finde d\u00fczenlenen Y\u0131ld\u0131z ve B\u00fcy\u00fck Kad\u0131nlar T\u00fcrkiye \u015eampiyonas\u0131\u2019nda m\u00fccadele eden boks\u00f6rlerimizden 4\u2019\u00fc bir \u00fcst tura y\u00fckseldi. \u015eampiyonan\u0131n ilk g\u00fcn\u00fcnde Y\u0131ld\u0131z Kad\u0131nlar kategorisinde ringe \u00e7\u0131kan sporcular\u0131m\u0131zdan 57 kg\u2019da Elif Yavuz, B\u00fcy\u00fck Kad\u0131nlarda ise 52 kg\u2019da Buse Naz \u00c7ak\u0131ro\u011flu ve Ay\u015fenur Topal ile 60 kg\u2019da Sat\u0131 Burcu bir \u00fcst tura \u00e7\u0131kmay\u0131 [&hellip;]<\/p>\n","protected":false},"author":1,"featured_media":6096,"comment_status":"closed","ping_status":"closed","sticky":false,"template":"","format":"standard","meta":{"jnews-multi-image_gallery":[],"jnews_single_post":{"subtitle":"","format":"standard","video":"","gallery":"","source_name":"","source_url":"","via_name":"","via_url":"","override":[{"single_blog_custom":"","sidebar":"","second_sidebar":"","share_position":"","share_float_style":"","post_date_format":"","post_date_format_custom":"","number_popup_post":"1"}],"image_override":[{"single_post_thumbnail_size":"","single_post_gallery_size":""}],"trending_post_position":"","trending_post_label":""},"jnews_primary_category":{"id":"15"},"jnews_social_meta":[],"jnews_override_counter":{"view_counter_number":"0","share_counter_number":"0","like_counter_number":"0","dislike_counter_number":"0"},"footnotes":""},"categories":[15,2],"tags":[34,23],"class_list":["post-6095","post","type-post","status-publish","format-standard","has-post-thumbnail","hentry","category-boks","category-haberler","tag-boks","tag-fenerbahce"],"amp_enabled":true,"_links":{"self":[{"href":"https:\/\/www.fener.org\/index.php\/wp-json\/wp\/v2\/posts\/6095","targetHints":{"allow":["GET"]}}],"collection":[{"href":"https:\/\/www.fener.org\/index.php\/wp-json\/wp\/v2\/posts"}],"about":[{"href":"https:\/\/www.fener.org\/index.php\/wp-json\/wp\/v2\/types\/post"}],"author":[{"embeddable":true,"href":"https:\/\/www.fener.org\/index.php\/wp-json\/wp\/v2\/users\/1"}],"replies":[{"embeddable":true,"href":"https:\/\/www.fener.org\/index.php\/wp-json\/wp\/v2\/comments?post=6095"}],"version-history":[{"count":1,"href":"https:\/\/www.fener.org\/index.php\/wp-json\/wp\/v2\/posts\/6095\/revisions"}],"predecessor-version":[{"id":6097,"href":"https:\/\/www.fener.org\/index.php\/wp-json\/wp\/v2\/posts\/6095\/revisions\/6097"}],"wp:featuredmedia":[{"embeddable":true,"href":"https:\/\/www.fener.org\/index.php\/wp-json\/wp\/v2\/media\/6096"}],"wp:attachment":[{"href":"https:\/\/www.fener.org\/index.php\/wp-json\/wp\/v2\/media?parent=6095"}],"wp:term":[{"taxonomy":"category","embeddable":true,"href":"https:\/\/www.fener.org\/index.php\/wp-json\/wp\/v2\/categories?post=6095"},{"taxonomy":"post_tag","embeddable":true,"href":"https:\/\/www.fener.org\/index.php\/wp-json\/wp\/v2\/tags?post=6095"}],"curies":[{"name":"wp","href":"https:\/\/api.w.org\/{rel}","templated":true}]}}