{"id":6037,"date":"2019-02-10T23:04:03","date_gmt":"2019-02-10T20:04:03","guid":{"rendered":"https:\/\/www.fener.org\/?p=6037"},"modified":"2019-02-10T23:04:09","modified_gmt":"2019-02-10T20:04:09","slug":"boksorlerimiz-standja-ozel-boks-turnuvasinda","status":"publish","type":"post","link":"https:\/\/www.fener.org\/index.php\/2019\/02\/10\/boksorlerimiz-standja-ozel-boks-turnuvasinda\/","title":{"rendered":"Boks\u00f6rlerimiz Standja \u00d6zel Boks Turnuvas\u0131\u2019nda"},"content":{"rendered":"\n<p>13-20 \u015eubat tarihlerinde Bulgaristan&#8217;da d\u00fczenlenecek Standja \u00d6zel Boks Turnuvas\u0131&#8217;nda milli tak\u0131m kadrosunda yer alan Fenerbah\u00e7eli milli boks\u00f6rlerimizin m\u00fccadele edece\u011fi s\u0131kletler a\u00e7\u0131kland\u0131:<\/p>\n\n\n\n<p>56 kg &#8211; Batuhan \u00c7ifti<br>\n60 kg &#8211; Hakan Do\u011fan<br>\n64 kg &#8211; Volkan G\u00f6k\u00e7ek<br>\n75 kg &#8211; Serhat G\u00fcler <br>\n81 kg &#8211; Mehmet Nadir \u00dcnal<br>\n+91 kg &#8211; Eren Uzun<\/p>\n","protected":false},"excerpt":{"rendered":"<p>13-20 \u015eubat tarihlerinde Bulgaristan&#8217;da d\u00fczenlenecek Standja \u00d6zel Boks Turnuvas\u0131&#8217;nda milli tak\u0131m kadrosunda yer alan Fenerbah\u00e7eli milli boks\u00f6rlerimizin m\u00fccadele edece\u011fi s\u0131kletler a\u00e7\u0131kland\u0131: 56 kg &#8211; Batuhan \u00c7ifti 60 kg &#8211; Hakan Do\u011fan 64 kg &#8211; Volkan G\u00f6k\u00e7ek 75 kg &#8211; Serhat G\u00fcler 81 kg &#8211; Mehmet Nadir \u00dcnal +91 kg &#8211; Eren Uzun<\/p>\n","protected":false},"author":1,"featured_media":1281,"comment_status":"closed","ping_status":"closed","sticky":false,"template":"","format":"standard","meta":{"jnews-multi-image_gallery":[],"jnews_single_post":{"subtitle":"","format":"standard","video":"","gallery":"","source_name":"","source_url":"","via_name":"","via_url":"","override":[{"single_blog_custom":"","sidebar":"","second_sidebar":"","share_position":"","share_float_style":"","post_date_format":"","post_date_format_custom":"","number_popup_post":"1"}],"image_override":[{"single_post_thumbnail_size":"","single_post_gallery_size":""}],"trending_post_position":"","trending_post_label":""},"jnews_primary_category":{"id":"15"},"jnews_social_meta":[],"jnews_override_counter":{"view_counter_number":"0","share_counter_number":"0","like_counter_number":"0","dislike_counter_number":"0"},"footnotes":""},"categories":[15,2],"tags":[34,23],"class_list":["post-6037","post","type-post","status-publish","format-standard","has-post-thumbnail","hentry","category-boks","category-haberler","tag-boks","tag-fenerbahce"],"amp_enabled":true,"_links":{"self":[{"href":"https:\/\/www.fener.org\/index.php\/wp-json\/wp\/v2\/posts\/6037","targetHints":{"allow":["GET"]}}],"collection":[{"href":"https:\/\/www.fener.org\/index.php\/wp-json\/wp\/v2\/posts"}],"about":[{"href":"https:\/\/www.fener.org\/index.php\/wp-json\/wp\/v2\/types\/post"}],"author":[{"embeddable":true,"href":"https:\/\/www.fener.org\/index.php\/wp-json\/wp\/v2\/users\/1"}],"replies":[{"embeddable":true,"href":"https:\/\/www.fener.org\/index.php\/wp-json\/wp\/v2\/comments?post=6037"}],"version-history":[{"count":1,"href":"https:\/\/www.fener.org\/index.php\/wp-json\/wp\/v2\/posts\/6037\/revisions"}],"predecessor-version":[{"id":6038,"href":"https:\/\/www.fener.org\/index.php\/wp-json\/wp\/v2\/posts\/6037\/revisions\/6038"}],"wp:featuredmedia":[{"embeddable":true,"href":"https:\/\/www.fener.org\/index.php\/wp-json\/wp\/v2\/media\/1281"}],"wp:attachment":[{"href":"https:\/\/www.fener.org\/index.php\/wp-json\/wp\/v2\/media?parent=6037"}],"wp:term":[{"taxonomy":"category","embeddable":true,"href":"https:\/\/www.fener.org\/index.php\/wp-json\/wp\/v2\/categories?post=6037"},{"taxonomy":"post_tag","embeddable":true,"href":"https:\/\/www.fener.org\/index.php\/wp-json\/wp\/v2\/tags?post=6037"}],"curies":[{"name":"wp","href":"https:\/\/api.w.org\/{rel}","templated":true}]}}