{"id":602,"date":"2018-08-26T11:10:05","date_gmt":"2018-08-26T08:10:05","guid":{"rendered":"https:\/\/fener.org\/xwebsites\/wp\/fener\/?p=602"},"modified":"2018-09-03T16:17:41","modified_gmt":"2018-09-03T13:17:41","slug":"cocu-golden-sonra-futbol-oynamadik","status":"publish","type":"post","link":"https:\/\/www.fener.org\/index.php\/2018\/08\/26\/cocu-golden-sonra-futbol-oynamadik\/","title":{"rendered":"Cocu: Golden sonra futbol oynamad\u0131k"},"content":{"rendered":"<p>Phillip Cocu \u015funlar\u0131 s\u00f6yledi:<\/p>\n<p>&#8220;Bana g\u00f6re kar\u015f\u0131la\u015fmaya iyi bir ba\u015flang\u0131\u00e7 yapt\u0131k. Ma\u00e7\u0131n ilk yar\u0131s\u0131nda 4-5 tane gol atabilecek f\u0131rsat aya\u011f\u0131m\u0131za geldi ama bu f\u0131rsatlar\u0131 istedi\u011fimiz gibi de\u011ferlendiremedik. Bildi\u011finiz gibi bu pozisyonlardan bir tanesi de direkten d\u00f6nd\u00fc. Ma\u00e7\u0131 a\u00e7abilecek f\u0131rsatlar \u00f6n\u00fcm\u00fcze geldi, bu \u015fanslar\u0131 yakalam\u0131\u015ft\u0131k. \u0130kinci yar\u0131da ma\u00e7\u0131n ilk gol\u00fcn\u00fc atabilecek pozisyonlar i\u00e7erisindeydik, o gol\u00fc istiyorduk ama rakibin oyuncusunun vurdu\u011fu fantastik \u015fut \u2013kalemize gelen ilk \u015futtu- golle sonu\u00e7land\u0131. Gol\u00fc yedikten sonra tak\u0131mdaki esas sorunu g\u00f6rd\u00fck. Ma\u00e7ta geriye d\u00fc\u015febilirsiniz. Ama o noktadan sonra organizasyonu tamamen kaybettik. Futbol oynamad\u0131k. Herkes bir \u015feyler yapmaya \u00e7al\u0131\u015ft\u0131 ama bir tak\u0131m halinde de\u011fildi. Ma\u00e7\u0131 \u00e7evirmek i\u00e7in de\u011fi\u015fiklikler yapt\u0131k ama bazen \u015fans da yan\u0131n\u0131zda olmas\u0131 laz\u0131m. Slimani gol atmak i\u00e7in \u00e7al\u0131\u015f\u0131yor ama hen\u00fcz o ilk gol geldi. Gelecek hafta taraftar\u0131m\u0131zla birlikte mutlaka kazanmak istiyoruz.<\/p>\n<p>Yeni futbolcular geliyor. Biz \u015fu anda tak\u0131m\u0131 tamamlamak i\u00e7in \u00e7al\u0131\u015fmalar\u0131m\u0131za devam ediyoruz. Biz buraya ilk geldi\u011fimizde baz\u0131 limitler vard\u0131. Her istedi\u011fimiz oyuncuyu alma imkan\u0131m\u0131z yoktu. Baz\u0131 oyuncular\u0131m\u0131z\u0131n top bizdeyken daha iyi oynamas\u0131 gerekiyor. Herkes \u00e7ok iyi \u00e7al\u0131\u015f\u0131yor ama toplu oyunu da geli\u015ftirmek durumunday\u0131z. Oyuncular\u0131n kendilerine bakmalar\u0131 gerekiyor. B\u00fcy\u00fck bir tak\u0131m 2. defa \u00fcst \u00fcste ma\u011flubiyetle sahadan ayr\u0131l\u0131rsa, i\u015fler zor hale gelir. Biz bu durumu de\u011fi\u015ftirmek i\u00e7in u\u011fra\u015faca\u011f\u0131z.&#8221;<\/p>\n","protected":false},"excerpt":{"rendered":"<p>Phillip Cocu \u015funlar\u0131 s\u00f6yledi: &#8220;Bana g\u00f6re kar\u015f\u0131la\u015fmaya iyi bir ba\u015flang\u0131\u00e7 yapt\u0131k. Ma\u00e7\u0131n ilk yar\u0131s\u0131nda 4-5 tane gol atabilecek f\u0131rsat aya\u011f\u0131m\u0131za geldi ama bu f\u0131rsatlar\u0131 istedi\u011fimiz gibi de\u011ferlendiremedik. Bildi\u011finiz gibi bu pozisyonlardan bir tanesi de direkten d\u00f6nd\u00fc. Ma\u00e7\u0131 a\u00e7abilecek f\u0131rsatlar \u00f6n\u00fcm\u00fcze geldi, bu \u015fanslar\u0131 yakalam\u0131\u015ft\u0131k. \u0130kinci yar\u0131da ma\u00e7\u0131n ilk gol\u00fcn\u00fc atabilecek pozisyonlar i\u00e7erisindeydik, o gol\u00fc istiyorduk [&hellip;]<\/p>\n","protected":false},"author":1,"featured_media":603,"comment_status":"open","ping_status":"open","sticky":false,"template":"","format":"standard","meta":{"jnews-multi-image_gallery":[],"jnews_single_post":{"override_template":"0","override":[{"template":"1","parallax":"1","fullscreen":"0","layout":"right-sidebar","sidebar":"default-sidebar","second_sidebar":"default-sidebar","sticky_sidebar":"1","share_position":"top","share_float_style":"share-monocrhome","show_share_counter":"1","show_view_counter":"1","show_featured":"1","show_post_meta":"1","show_post_author":"1","show_post_author_image":"1","show_post_date":"1","post_date_format":"default","post_date_format_custom":"Y\/m\/d","show_post_category":"1","show_post_tag":"1","show_prev_next_post":"1","show_popup_post":"1","number_popup_post":"1","show_author_box":"0","show_post_related":"1","show_inline_post_related":"0"}],"override_image_size":"0","image_override":[{"single_post_thumbnail_size":"crop-500","single_post_gallery_size":"crop-500"}]},"jnews_primary_category":{"id":"4"},"jnews_social_meta":[],"jnews_override_counter":[],"footnotes":""},"categories":[4,2,47],"tags":[],"class_list":["post-602","post","type-post","status-publish","format-standard","has-post-thumbnail","hentry","category-futbol","category-haberler","category-profesyonel-a-futbol-takimi"],"amp_enabled":true,"_links":{"self":[{"href":"https:\/\/www.fener.org\/index.php\/wp-json\/wp\/v2\/posts\/602","targetHints":{"allow":["GET"]}}],"collection":[{"href":"https:\/\/www.fener.org\/index.php\/wp-json\/wp\/v2\/posts"}],"about":[{"href":"https:\/\/www.fener.org\/index.php\/wp-json\/wp\/v2\/types\/post"}],"author":[{"embeddable":true,"href":"https:\/\/www.fener.org\/index.php\/wp-json\/wp\/v2\/users\/1"}],"replies":[{"embeddable":true,"href":"https:\/\/www.fener.org\/index.php\/wp-json\/wp\/v2\/comments?post=602"}],"version-history":[{"count":1,"href":"https:\/\/www.fener.org\/index.php\/wp-json\/wp\/v2\/posts\/602\/revisions"}],"predecessor-version":[{"id":604,"href":"https:\/\/www.fener.org\/index.php\/wp-json\/wp\/v2\/posts\/602\/revisions\/604"}],"wp:featuredmedia":[{"embeddable":true,"href":"https:\/\/www.fener.org\/index.php\/wp-json\/wp\/v2\/media\/603"}],"wp:attachment":[{"href":"https:\/\/www.fener.org\/index.php\/wp-json\/wp\/v2\/media?parent=602"}],"wp:term":[{"taxonomy":"category","embeddable":true,"href":"https:\/\/www.fener.org\/index.php\/wp-json\/wp\/v2\/categories?post=602"},{"taxonomy":"post_tag","embeddable":true,"href":"https:\/\/www.fener.org\/index.php\/wp-json\/wp\/v2\/tags?post=602"}],"curies":[{"name":"wp","href":"https:\/\/api.w.org\/{rel}","templated":true}]}}