{"id":6,"date":"2018-08-10T20:25:17","date_gmt":"2018-08-10T19:25:17","guid":{"rendered":"https:\/\/www.fener.org\/?p=6"},"modified":"2018-09-19T13:43:17","modified_gmt":"2018-09-19T10:43:17","slug":"kulubumuzden-yeniden-saygi-cagrisi","status":"publish","type":"post","link":"https:\/\/www.fener.org\/index.php\/2018\/08\/10\/kulubumuzden-yeniden-saygi-cagrisi\/","title":{"rendered":"Kul\u00fcb\u00fcm\u00fczden &#8216;Yeniden Sayg\u0131&#8217; \u00e7a\u011fr\u0131s\u0131"},"content":{"rendered":"<p>Kul\u00fcb\u00fcm\u00fczden yap\u0131lan a\u00e7\u0131klamada &#8220;Lefter K\u00fc\u00e7\u00fckandonyadis Sezonu\u2019nun ilk ma\u00e7\u0131ndan ba\u015flayarak \u00f6rnek bir spor k\u00fclt\u00fcr\u00fc olu\u015fturmak istiyoruz&#8221; ifadelerine yer verilirken, Lefter Sezonu&#8217;nda herkes sayg\u0131la davet edildi.<\/p>\n<p><img decoding=\"async\" src=\"https:\/\/cdn.fenerbahce.org\/pic_lib\/yenidensayg%C4%B1.jpg\" \/><\/p>\n<p>&nbsp;<\/p>\n<p>&nbsp;<\/p>\n","protected":false},"excerpt":{"rendered":"<p>Kul\u00fcb\u00fcm\u00fczden yap\u0131lan a\u00e7\u0131klamada &#8220;Lefter K\u00fc\u00e7\u00fckandonyadis Sezonu\u2019nun ilk ma\u00e7\u0131ndan ba\u015flayarak \u00f6rnek bir spor k\u00fclt\u00fcr\u00fc olu\u015fturmak istiyoruz&#8221; ifadelerine yer verilirken, Lefter Sezonu&#8217;nda herkes sayg\u0131la davet edildi. &nbsp; &nbsp;<\/p>\n","protected":false},"author":1,"featured_media":1378,"comment_status":"open","ping_status":"open","sticky":false,"template":"","format":"standard","meta":{"jnews-multi-image_gallery":[],"jnews_single_post":{"override_template":"0","override":[{"template":"1","single_blog_custom":"","parallax":"1","fullscreen":"0","layout":"right-sidebar","sidebar":"default-sidebar","second_sidebar":"default-sidebar","sticky_sidebar":"1","share_position":"top","share_float_style":"share-monocrhome","show_share_counter":"1","show_view_counter":"1","show_featured":"1","show_post_meta":"1","show_post_author":"1","show_post_author_image":"1","show_post_date":"1","post_date_format":"default","post_date_format_custom":"Y\/m\/d","show_post_category":"1","show_post_tag":"1","show_prev_next_post":"1","show_popup_post":"1","number_popup_post":"1","show_author_box":"0","show_post_related":"1","show_inline_post_related":"0"}],"override_image_size":"0","image_override":[{"single_post_thumbnail_size":"crop-500","single_post_gallery_size":"crop-500"}],"trending_post":"0","trending_post_position":"","trending_post_label":""},"jnews_primary_category":{"id":"3"},"jnews_social_meta":[],"jnews_override_counter":{"override_view_counter":"0","view_counter_number":"0","override_share_counter":"0","share_counter_number":"0","override_like_counter":"0","like_counter_number":"0","override_dislike_counter":"0","dislike_counter_number":"0"},"footnotes":""},"categories":[2,3],"tags":[],"class_list":["post-6","post","type-post","status-publish","format-standard","has-post-thumbnail","hentry","category-haberler","category-kulup"],"amp_enabled":true,"_links":{"self":[{"href":"https:\/\/www.fener.org\/index.php\/wp-json\/wp\/v2\/posts\/6","targetHints":{"allow":["GET"]}}],"collection":[{"href":"https:\/\/www.fener.org\/index.php\/wp-json\/wp\/v2\/posts"}],"about":[{"href":"https:\/\/www.fener.org\/index.php\/wp-json\/wp\/v2\/types\/post"}],"author":[{"embeddable":true,"href":"https:\/\/www.fener.org\/index.php\/wp-json\/wp\/v2\/users\/1"}],"replies":[{"embeddable":true,"href":"https:\/\/www.fener.org\/index.php\/wp-json\/wp\/v2\/comments?post=6"}],"version-history":[{"count":2,"href":"https:\/\/www.fener.org\/index.php\/wp-json\/wp\/v2\/posts\/6\/revisions"}],"predecessor-version":[{"id":9,"href":"https:\/\/www.fener.org\/index.php\/wp-json\/wp\/v2\/posts\/6\/revisions\/9"}],"wp:featuredmedia":[{"embeddable":true,"href":"https:\/\/www.fener.org\/index.php\/wp-json\/wp\/v2\/media\/1378"}],"wp:attachment":[{"href":"https:\/\/www.fener.org\/index.php\/wp-json\/wp\/v2\/media?parent=6"}],"wp:term":[{"taxonomy":"category","embeddable":true,"href":"https:\/\/www.fener.org\/index.php\/wp-json\/wp\/v2\/categories?post=6"},{"taxonomy":"post_tag","embeddable":true,"href":"https:\/\/www.fener.org\/index.php\/wp-json\/wp\/v2\/tags?post=6"}],"curies":[{"name":"wp","href":"https:\/\/api.w.org\/{rel}","templated":true}]}}