{"id":5999,"date":"2019-02-09T01:39:56","date_gmt":"2019-02-08T22:39:56","guid":{"rendered":"https:\/\/www.fener.org\/?p=5999"},"modified":"2019-02-10T10:50:29","modified_gmt":"2019-02-10T07:50:29","slug":"obradovic-onemli-bir-galibiyetti","status":"publish","type":"post","link":"https:\/\/www.fener.org\/index.php\/2019\/02\/09\/obradovic-onemli-bir-galibiyetti\/","title":{"rendered":"Obradovic: \u00d6nemli bir galibiyetti"},"content":{"rendered":"\n<p>Obradovic, kar\u015f\u0131la\u015fman\u0131n ard\u0131ndan d\u00fczenlenen bas\u0131n toplant\u0131s\u0131nda \u015funlar\u0131 s\u00f6yledi:<\/p>\n\n\n\n<blockquote class=\"wp-block-quote is-layout-flow wp-block-quote-is-layout-flow\"><p>&#8220;Panathinaikos agresif oynamaya \u00e7al\u0131\u015fan bir tak\u0131m. Rakibe top kayb\u0131 yapt\u0131r\u0131p kolay say\u0131lar bulmaya \u00e7al\u0131\u015f\u0131yor. Bug\u00fcn oynama \u015feklimizden \u00e7ok memnunum. Oyun plan\u0131m\u0131za uyduk. Oyuncular\u0131m\u0131z\u0131n konsantrasyonu iyiydi. \u0130yi bir ma\u00e7 oynad\u0131\u011f\u0131m\u0131za inan\u0131yorum. \u00d6nemli bir galibiyetti, oyuncular\u0131m\u0131 tebrik ediyorum.<\/p><p>Oyuncular\u0131m\u0131 g\u00f6sterdikleri performans i\u00e7in tebrik ediyorum. Hedeflerimizden biri sezonu ilk 8 i\u00e7inde bitirmekti. Daha 8 ma\u00e7 var ve saha avantaj\u0131 \u00e7ok \u00f6nemli.&#8221;<\/p><\/blockquote>\n\n\n\n<p>Tar\u0131k Biberovic&#8217;in ilk ma\u00e7\u0131n\u0131n oldu\u011funun hat\u0131rlat\u0131lmas\u0131 \u00fczerine, Ba\u015fantren\u00f6r\u00fcm\u00fcz, \u015funlar\u0131 s\u00f6yledi:<\/p>\n\n\n\n<blockquote class=\"wp-block-quote is-layout-flow wp-block-quote-is-layout-flow\"><p>&#8220;Gen\u00e7 bir oyuncu. Sezon ba\u015f\u0131ndan beri bizimle ve sonunda kadroya girdi. \u00c7ok yetenekli bir oyuncu. Olmas\u0131 gereken seviye gelmek istiyorsa \u00e7ok \u00e7al\u0131\u015fmas\u0131 gerekiyor. Her \u015fey ona ba\u011fl\u0131. Biz ona yard\u0131mc\u0131 olup di\u011fer gen\u00e7ler gibi \u015fans vermeye haz\u0131r\u0131z.&#8221;<\/p><\/blockquote>\n","protected":false},"excerpt":{"rendered":"<p>Obradovic, kar\u015f\u0131la\u015fman\u0131n ard\u0131ndan d\u00fczenlenen bas\u0131n toplant\u0131s\u0131nda \u015funlar\u0131 s\u00f6yledi: &#8220;Panathinaikos agresif oynamaya \u00e7al\u0131\u015fan bir tak\u0131m. Rakibe top kayb\u0131 yapt\u0131r\u0131p kolay say\u0131lar bulmaya \u00e7al\u0131\u015f\u0131yor. Bug\u00fcn oynama \u015feklimizden \u00e7ok memnunum. Oyun plan\u0131m\u0131za uyduk. Oyuncular\u0131m\u0131z\u0131n konsantrasyonu iyiydi. \u0130yi bir ma\u00e7 oynad\u0131\u011f\u0131m\u0131za inan\u0131yorum. \u00d6nemli bir galibiyetti, oyuncular\u0131m\u0131 tebrik ediyorum. Oyuncular\u0131m\u0131 g\u00f6sterdikleri performans i\u00e7in tebrik ediyorum. Hedeflerimizden biri sezonu ilk 8 [&hellip;]<\/p>\n","protected":false},"author":1,"featured_media":6000,"comment_status":"closed","ping_status":"closed","sticky":false,"template":"","format":"standard","meta":{"jnews-multi-image_gallery":[],"jnews_single_post":{"subtitle":"Ba\u015fantren\u00f6r\u00fcm\u00fcz Zeljko Obradovic, Fenerbah\u00e7e Erkek Basketbol Tak\u0131m\u0131m\u0131z\u0131n Turkish Airlines EuroLeague 22. hafta ma\u00e7\u0131nda Panathinaikos kar\u015f\u0131s\u0131nda ald\u0131\u011f\u0131 galibiyetin ard\u0131ndan a\u00e7\u0131klamalarda bulundu.","format":"standard","video":"","gallery":"","source_name":"","source_url":"","via_name":"","via_url":"","override":[{"single_blog_custom":"","sidebar":"","second_sidebar":"","share_position":"","share_float_style":"","post_date_format":"","post_date_format_custom":"","number_popup_post":"1"}],"image_override":[{"single_post_thumbnail_size":"","single_post_gallery_size":""}],"trending_post_position":"","trending_post_label":""},"jnews_primary_category":{"id":"5"},"jnews_social_meta":[],"jnews_override_counter":{"view_counter_number":"0","share_counter_number":"0","like_counter_number":"0","dislike_counter_number":"0"},"footnotes":""},"categories":[5,6,2],"tags":[74,79,75],"class_list":["post-5999","post","type-post","status-publish","format-standard","has-post-thumbnail","hentry","category-basketbol","category-erkek-basketbol","category-haberler","tag-euroleague","tag-neverenough","tag-zeljkoobradovic"],"amp_enabled":true,"_links":{"self":[{"href":"https:\/\/www.fener.org\/index.php\/wp-json\/wp\/v2\/posts\/5999","targetHints":{"allow":["GET"]}}],"collection":[{"href":"https:\/\/www.fener.org\/index.php\/wp-json\/wp\/v2\/posts"}],"about":[{"href":"https:\/\/www.fener.org\/index.php\/wp-json\/wp\/v2\/types\/post"}],"author":[{"embeddable":true,"href":"https:\/\/www.fener.org\/index.php\/wp-json\/wp\/v2\/users\/1"}],"replies":[{"embeddable":true,"href":"https:\/\/www.fener.org\/index.php\/wp-json\/wp\/v2\/comments?post=5999"}],"version-history":[{"count":1,"href":"https:\/\/www.fener.org\/index.php\/wp-json\/wp\/v2\/posts\/5999\/revisions"}],"predecessor-version":[{"id":6001,"href":"https:\/\/www.fener.org\/index.php\/wp-json\/wp\/v2\/posts\/5999\/revisions\/6001"}],"wp:featuredmedia":[{"embeddable":true,"href":"https:\/\/www.fener.org\/index.php\/wp-json\/wp\/v2\/media\/6000"}],"wp:attachment":[{"href":"https:\/\/www.fener.org\/index.php\/wp-json\/wp\/v2\/media?parent=5999"}],"wp:term":[{"taxonomy":"category","embeddable":true,"href":"https:\/\/www.fener.org\/index.php\/wp-json\/wp\/v2\/categories?post=5999"},{"taxonomy":"post_tag","embeddable":true,"href":"https:\/\/www.fener.org\/index.php\/wp-json\/wp\/v2\/tags?post=5999"}],"curies":[{"name":"wp","href":"https:\/\/api.w.org\/{rel}","templated":true}]}}