{"id":5951,"date":"2019-02-07T19:33:05","date_gmt":"2019-02-07T16:33:05","guid":{"rendered":"https:\/\/www.fener.org\/?p=5951"},"modified":"2019-02-07T19:33:25","modified_gmt":"2019-02-07T16:33:25","slug":"atletlerimiz-ukraynada-mucadele-edecek","status":"publish","type":"post","link":"https:\/\/www.fener.org\/index.php\/2019\/02\/07\/atletlerimiz-ukraynada-mucadele-edecek\/","title":{"rendered":"Atletlerimiz Ukrayna&#8217;da m\u00fccadele edecek"},"content":{"rendered":"\n<p>Ukrayna\u2019n\u0131n Sumy kenti, 7-9 \u015eubat tarihlerinde  Uluslararas\u0131 Ukrayna Salon Atletizm \u015eampiyonas\u0131\u2019na ev sahipli\u011fi yapacak.  Yar\u0131\u015fmalarda T\u00fcrkiye\u2019den 10 atlet, misafir stat\u00fcs\u00fcnde yar\u0131\u015f\u0131p  Glasgow\u2019daki Avrupa Salon i\u00e7in baraj ge\u00e7me \u015fans\u0131n\u0131 zorlayacak.<br><br>M\u00fcsabakaya kat\u0131lacak kul\u00fcb\u00fcm\u00fcz sporcular\u0131n\u0131n isimleri \u015f\u00f6yle:<\/p>\n\n\n\n<ul class=\"wp-block-list\"><li> Kayhan \u00d6zer (60 metre)<\/li><li>Mustafa Onur Sad\u0131ko\u011flu (60 metre)<\/li><li>Furkan Akta\u015f (60m engelli)<\/li><li>Abdullah \u00d6zdemir (800 metre)<\/li><li>Nefise Karatay (60m engelli) <\/li><\/ul>\n\n\n\n<p>\u00d6te yandan Avusturya\u2019n\u0131n Linz kentindeki salon yar\u0131\u015fmalar\u0131nda   T\u00fcrkiye\u2019den d\u00f6rt sprinter boy g\u00f6sterecek. 9 \u015eubat ak\u015fam\u0131 TipsArena\u2019daki   Gugl Indoor m\u00fcsabakalar\u0131nda sporcumuz \u015eevval Ayaz 100 metre engelli   bran\u015f\u0131nda m\u00fccadele edecek.         <\/p>\n","protected":false},"excerpt":{"rendered":"<p>Ukrayna\u2019n\u0131n Sumy kenti, 7-9 \u015eubat tarihlerinde Uluslararas\u0131 Ukrayna Salon Atletizm \u015eampiyonas\u0131\u2019na ev sahipli\u011fi yapacak. Yar\u0131\u015fmalarda T\u00fcrkiye\u2019den 10 atlet, misafir stat\u00fcs\u00fcnde yar\u0131\u015f\u0131p Glasgow\u2019daki Avrupa Salon i\u00e7in baraj ge\u00e7me \u015fans\u0131n\u0131 zorlayacak. M\u00fcsabakaya kat\u0131lacak kul\u00fcb\u00fcm\u00fcz sporcular\u0131n\u0131n isimleri \u015f\u00f6yle: Kayhan \u00d6zer (60 metre) Mustafa Onur Sad\u0131ko\u011flu (60 metre) Furkan Akta\u015f (60m engelli) Abdullah \u00d6zdemir (800 metre) Nefise Karatay (60m [&hellip;]<\/p>\n","protected":false},"author":1,"featured_media":1279,"comment_status":"closed","ping_status":"closed","sticky":false,"template":"","format":"standard","meta":{"jnews-multi-image_gallery":[],"jnews_single_post":{"subtitle":"Atletlerimiz Ukrayna Salon Atletizm \u015eampiyonas\u0131\u2019nda m\u00fccadele edecek.","format":"standard","video":"","gallery":"","source_name":"","source_url":"","via_name":"","via_url":"","override":[{"single_blog_custom":"","sidebar":"","second_sidebar":"","share_position":"","share_float_style":"","post_date_format":"","post_date_format_custom":"","number_popup_post":"1"}],"image_override":[{"single_post_thumbnail_size":"","single_post_gallery_size":""}],"trending_post_position":"","trending_post_label":""},"jnews_primary_category":{"id":"13"},"jnews_social_meta":[],"jnews_override_counter":{"view_counter_number":"0","share_counter_number":"0","like_counter_number":"0","dislike_counter_number":"0"},"footnotes":""},"categories":[13,2],"tags":[32,23],"class_list":["post-5951","post","type-post","status-publish","format-standard","has-post-thumbnail","hentry","category-atletizm","category-haberler","tag-atletizm","tag-fenerbahce"],"amp_enabled":true,"_links":{"self":[{"href":"https:\/\/www.fener.org\/index.php\/wp-json\/wp\/v2\/posts\/5951","targetHints":{"allow":["GET"]}}],"collection":[{"href":"https:\/\/www.fener.org\/index.php\/wp-json\/wp\/v2\/posts"}],"about":[{"href":"https:\/\/www.fener.org\/index.php\/wp-json\/wp\/v2\/types\/post"}],"author":[{"embeddable":true,"href":"https:\/\/www.fener.org\/index.php\/wp-json\/wp\/v2\/users\/1"}],"replies":[{"embeddable":true,"href":"https:\/\/www.fener.org\/index.php\/wp-json\/wp\/v2\/comments?post=5951"}],"version-history":[{"count":1,"href":"https:\/\/www.fener.org\/index.php\/wp-json\/wp\/v2\/posts\/5951\/revisions"}],"predecessor-version":[{"id":5952,"href":"https:\/\/www.fener.org\/index.php\/wp-json\/wp\/v2\/posts\/5951\/revisions\/5952"}],"wp:featuredmedia":[{"embeddable":true,"href":"https:\/\/www.fener.org\/index.php\/wp-json\/wp\/v2\/media\/1279"}],"wp:attachment":[{"href":"https:\/\/www.fener.org\/index.php\/wp-json\/wp\/v2\/media?parent=5951"}],"wp:term":[{"taxonomy":"category","embeddable":true,"href":"https:\/\/www.fener.org\/index.php\/wp-json\/wp\/v2\/categories?post=5951"},{"taxonomy":"post_tag","embeddable":true,"href":"https:\/\/www.fener.org\/index.php\/wp-json\/wp\/v2\/tags?post=5951"}],"curies":[{"name":"wp","href":"https:\/\/api.w.org\/{rel}","templated":true}]}}