{"id":5919,"date":"2019-02-05T16:51:02","date_gmt":"2019-02-05T13:51:02","guid":{"rendered":"https:\/\/www.fener.org\/?p=5919"},"modified":"2021-07-27T10:23:08","modified_gmt":"2021-07-27T07:23:08","slug":"ozlem-becerek-26-yillik-gencler-turkiye-rekorunu-kirdi","status":"publish","type":"post","link":"https:\/\/www.fener.org\/index.php\/2019\/02\/05\/ozlem-becerek-26-yillik-gencler-turkiye-rekorunu-kirdi\/","title":{"rendered":"\u00d6zlem Becerek 26 y\u0131ll\u0131k gen\u00e7ler T\u00fcrkiye rekorunu k\u0131rd\u0131"},"content":{"rendered":"\n<p>Ge\u00e7ti\u011fimiz  sezon hen\u00fcz 16 ya\u015f\u0131ndayken \u00fcst \u00fcste y\u0131ld\u0131zlar rekoru k\u0131rarak dikkat  \u00e7eken, ard\u0131ndan Avrupa U18 \u015eampiyonas\u0131 ve Buenos Aires\u2019te Y\u0131ld\u0131zlar  Olimpiyat\u0131\u2019nda bronz madalya kazanan disk\u00e7i \u00d6zlem Becerek, 2019 sezonuna  m\u00fcthi\u015f bir start verdi. Becerek, bu ay i\u00e7inde yap\u0131lacak Seyfi Alanya  Atmalar Kupas\u0131 \u00f6ncesinde kendisini denemek i\u00e7in \u00e7\u0131kt\u0131\u011f\u0131 Antalya\u2019daki il  yar\u0131\u015fmas\u0131nda disk atma m\u00fccadelesinde 26 y\u0131ll\u0131k gen\u00e7ler T\u00fcrkiye rekorunu  k\u0131rd\u0131.<br><br>Ge\u00e7en sezonu 52.75\u2019lik dereceyle tamamlayan Becerek,  Antalya Zeytink\u00f6y Pisti\u2019ndeki yar\u0131\u015fma i\u00e7inde 54.40 ve 54.60\u2019l\u0131k iki  derece yapt\u0131ktan sonra d\u00f6rd\u00fcnc\u00fc hakk\u0131nda diski 57.45\u2019e g\u00f6nderdi. Bu  derece, hem U18, hem de U20 kategorisinde T\u00fcrkiye rekoru oldu. U18\u2019de  52.75 olan eski rekorunun \u00fczerine be\u015f metre ekleyen 17 ya\u015f\u0131ndaki \u00d6zlem  Becerek, U20\u2019de ise 1993 y\u0131l\u0131ndan bu yana k\u0131r\u0131lamayan H\u00fcsniye Keskin\u2019e  ait 53.22\u2019lik rekoru da b\u00fcy\u00fck farkla yeniledi. <\/p>\n","protected":false},"excerpt":{"rendered":"<p>Ge\u00e7ti\u011fimiz sezon hen\u00fcz 16 ya\u015f\u0131ndayken \u00fcst \u00fcste y\u0131ld\u0131zlar rekoru k\u0131rarak dikkat \u00e7eken, ard\u0131ndan Avrupa U18 \u015eampiyonas\u0131 ve Buenos Aires\u2019te Y\u0131ld\u0131zlar Olimpiyat\u0131\u2019nda bronz madalya kazanan disk\u00e7i \u00d6zlem Becerek, 2019 sezonuna m\u00fcthi\u015f bir start verdi. Becerek, bu ay i\u00e7inde yap\u0131lacak Seyfi Alanya Atmalar Kupas\u0131 \u00f6ncesinde kendisini denemek i\u00e7in \u00e7\u0131kt\u0131\u011f\u0131 Antalya\u2019daki il yar\u0131\u015fmas\u0131nda disk atma m\u00fccadelesinde 26 y\u0131ll\u0131k [&hellip;]<\/p>\n","protected":false},"author":1,"featured_media":5920,"comment_status":"closed","ping_status":"closed","sticky":false,"template":"","format":"standard","meta":{"jnews-multi-image_gallery":[],"jnews_single_post":{"subtitle":"Y\u0131ld\u0131zlar Olimpiyat\u0131 \u00fc\u00e7\u00fcnc\u00fcs\u00fc Sporcumuz \u00d6zlem Becerek, Antalya\u2019daki yar\u0131\u015fmada 26 y\u0131ld\u0131r k\u0131r\u0131lamayan U20 T\u00fcrkiye rekorunu yenilerken, t\u00fcm zamanlar\u0131n en iyi d\u00f6rd\u00fcnc\u00fc derecesini att\u0131.","format":"standard","video":"","gallery":"","source_name":"","source_url":"","via_name":"","via_url":"","override":[{"single_blog_custom":"","sidebar":"","second_sidebar":"","share_position":"","share_float_style":"","post_date_format":"","post_date_format_custom":"","post_reading_time_wpm":"","zoom_button_out_step":"1","zoom_button_in_step":"1","number_popup_post":"1"}],"image_override":[{"single_post_thumbnail_size":"","single_post_gallery_size":""}],"trending_post_position":"","trending_post_label":"","sponsored_post_label":"","sponsored_post_name":"","sponsored_post_url":"","sponsored_post_logo":"","sponsored_post_desc":""},"jnews_primary_category":{"id":"13"},"jnews_social_meta":{"fb_title":"","fb_description":"","fb_image":"","twitter_title":"","twitter_description":"","twitter_image":""},"jnews_override_counter":{"view_counter_number":"0","share_counter_number":"0","like_counter_number":"0","dislike_counter_number":"0"},"footnotes":""},"categories":[13,2],"tags":[32,23],"class_list":["post-5919","post","type-post","status-publish","format-standard","has-post-thumbnail","hentry","category-atletizm","category-haberler","tag-atletizm","tag-fenerbahce"],"amp_enabled":true,"_links":{"self":[{"href":"https:\/\/www.fener.org\/index.php\/wp-json\/wp\/v2\/posts\/5919","targetHints":{"allow":["GET"]}}],"collection":[{"href":"https:\/\/www.fener.org\/index.php\/wp-json\/wp\/v2\/posts"}],"about":[{"href":"https:\/\/www.fener.org\/index.php\/wp-json\/wp\/v2\/types\/post"}],"author":[{"embeddable":true,"href":"https:\/\/www.fener.org\/index.php\/wp-json\/wp\/v2\/users\/1"}],"replies":[{"embeddable":true,"href":"https:\/\/www.fener.org\/index.php\/wp-json\/wp\/v2\/comments?post=5919"}],"version-history":[{"count":1,"href":"https:\/\/www.fener.org\/index.php\/wp-json\/wp\/v2\/posts\/5919\/revisions"}],"predecessor-version":[{"id":5921,"href":"https:\/\/www.fener.org\/index.php\/wp-json\/wp\/v2\/posts\/5919\/revisions\/5921"}],"wp:featuredmedia":[{"embeddable":true,"href":"https:\/\/www.fener.org\/index.php\/wp-json\/wp\/v2\/media\/5920"}],"wp:attachment":[{"href":"https:\/\/www.fener.org\/index.php\/wp-json\/wp\/v2\/media?parent=5919"}],"wp:term":[{"taxonomy":"category","embeddable":true,"href":"https:\/\/www.fener.org\/index.php\/wp-json\/wp\/v2\/categories?post=5919"},{"taxonomy":"post_tag","embeddable":true,"href":"https:\/\/www.fener.org\/index.php\/wp-json\/wp\/v2\/tags?post=5919"}],"curies":[{"name":"wp","href":"https:\/\/api.w.org\/{rel}","templated":true}]}}