{"id":5914,"date":"2019-02-04T22:33:29","date_gmt":"2019-02-04T19:33:29","guid":{"rendered":"https:\/\/www.fener.org\/?p=5914"},"modified":"2019-02-04T22:33:34","modified_gmt":"2019-02-04T19:33:34","slug":"yelkende-dunya-kupasi-miami-serisi-sona-erdi","status":"publish","type":"post","link":"https:\/\/www.fener.org\/index.php\/2019\/02\/04\/yelkende-dunya-kupasi-miami-serisi-sona-erdi\/","title":{"rendered":"Yelkende D\u00fcnya Kupas\u0131 Miami Serisi sona erdi"},"content":{"rendered":"\n<p>D\u00fcnyada profesyonel denizciler i\u00e7in en prestijli yar\u0131\u015flardan biri olan World Sailing D\u00fcnya Kupas\u0131 Miami Serisi sona erdi.<br><br>44 \u00fclkeden 500\u2019\u00fcn \u00fczerinde \u00fcst d\u00fczey Yelkencinin yar\u0131\u015ft\u0131\u011f\u0131 2019 D\u00fcnya  Kupas\u0131 Miami Serisi\u2019nde, Fenerbah\u00e7e Do\u011fu\u015f Yelken\u2019den \u00fclkemizi temsilen 5  sporcu yer ald\u0131.<br><br>Alp Rona Rodopman, Laser s\u0131n\u0131f\u0131nda 101 sporcu aras\u0131nda 39.,<br><br>Ate\u015f ve Deniz \u00c7\u0131nar, 470 s\u0131n\u0131f\u0131nda 37 ekip aras\u0131nda 11.,<br><br>Alican Kaynar, Finn s\u0131n\u0131f\u0131nda 27 sporcu aras\u0131nda 16.,<br><br>Nazl\u0131 \u00c7a\u011fla D\u00f6nerta\u015f, Laser Radial\u2019de 59 sporcu asas\u0131nda 54. oldular. <\/p>\n","protected":false},"excerpt":{"rendered":"<p>D\u00fcnyada profesyonel denizciler i\u00e7in en prestijli yar\u0131\u015flardan biri olan World Sailing D\u00fcnya Kupas\u0131 Miami Serisi sona erdi. 44 \u00fclkeden 500\u2019\u00fcn \u00fczerinde \u00fcst d\u00fczey Yelkencinin yar\u0131\u015ft\u0131\u011f\u0131 2019 D\u00fcnya Kupas\u0131 Miami Serisi\u2019nde, Fenerbah\u00e7e Do\u011fu\u015f Yelken\u2019den \u00fclkemizi temsilen 5 sporcu yer ald\u0131. Alp Rona Rodopman, Laser s\u0131n\u0131f\u0131nda 101 sporcu aras\u0131nda 39., Ate\u015f ve Deniz \u00c7\u0131nar, 470 s\u0131n\u0131f\u0131nda 37 [&hellip;]<\/p>\n","protected":false},"author":1,"featured_media":5915,"comment_status":"closed","ping_status":"closed","sticky":false,"template":"","format":"standard","meta":{"jnews-multi-image_gallery":[],"jnews_single_post":{"subtitle":"","format":"standard","video":"","gallery":"","source_name":"","source_url":"","via_name":"","via_url":"","override":[{"single_blog_custom":"","sidebar":"","second_sidebar":"","share_position":"","share_float_style":"","post_date_format":"","post_date_format_custom":"","number_popup_post":"1"}],"image_override":[{"single_post_thumbnail_size":"","single_post_gallery_size":""}],"trending_post_position":"","trending_post_label":""},"jnews_primary_category":{"id":"12"},"jnews_social_meta":[],"jnews_override_counter":{"view_counter_number":"0","share_counter_number":"0","like_counter_number":"0","dislike_counter_number":"0"},"footnotes":""},"categories":[2,12],"tags":[23,31],"class_list":["post-5914","post","type-post","status-publish","format-standard","has-post-thumbnail","hentry","category-haberler","category-yelken","tag-fenerbahce","tag-yelken"],"amp_enabled":true,"_links":{"self":[{"href":"https:\/\/www.fener.org\/index.php\/wp-json\/wp\/v2\/posts\/5914","targetHints":{"allow":["GET"]}}],"collection":[{"href":"https:\/\/www.fener.org\/index.php\/wp-json\/wp\/v2\/posts"}],"about":[{"href":"https:\/\/www.fener.org\/index.php\/wp-json\/wp\/v2\/types\/post"}],"author":[{"embeddable":true,"href":"https:\/\/www.fener.org\/index.php\/wp-json\/wp\/v2\/users\/1"}],"replies":[{"embeddable":true,"href":"https:\/\/www.fener.org\/index.php\/wp-json\/wp\/v2\/comments?post=5914"}],"version-history":[{"count":1,"href":"https:\/\/www.fener.org\/index.php\/wp-json\/wp\/v2\/posts\/5914\/revisions"}],"predecessor-version":[{"id":5916,"href":"https:\/\/www.fener.org\/index.php\/wp-json\/wp\/v2\/posts\/5914\/revisions\/5916"}],"wp:featuredmedia":[{"embeddable":true,"href":"https:\/\/www.fener.org\/index.php\/wp-json\/wp\/v2\/media\/5915"}],"wp:attachment":[{"href":"https:\/\/www.fener.org\/index.php\/wp-json\/wp\/v2\/media?parent=5914"}],"wp:term":[{"taxonomy":"category","embeddable":true,"href":"https:\/\/www.fener.org\/index.php\/wp-json\/wp\/v2\/categories?post=5914"},{"taxonomy":"post_tag","embeddable":true,"href":"https:\/\/www.fener.org\/index.php\/wp-json\/wp\/v2\/tags?post=5914"}],"curies":[{"name":"wp","href":"https:\/\/api.w.org\/{rel}","templated":true}]}}