{"id":5900,"date":"2019-02-04T13:12:57","date_gmt":"2019-02-04T10:12:57","guid":{"rendered":"https:\/\/www.fener.org\/?p=5900"},"modified":"2021-07-27T10:22:42","modified_gmt":"2021-07-27T07:22:42","slug":"genc-kadin-atletizm-takimimiz-avrupa-sampiyonu-oldu","status":"publish","type":"post","link":"https:\/\/www.fener.org\/index.php\/2019\/02\/04\/genc-kadin-atletizm-takimimiz-avrupa-sampiyonu-oldu\/","title":{"rendered":"Gen\u00e7 Kad\u0131n Atletizm Tak\u0131m\u0131m\u0131z Avrupa \u015eampiyonu oldu"},"content":{"rendered":"\n<p>2019 Avrupa \u015eampiyon Kul\u00fcpler Kros \u015eampiyonas\u0131 Portekiz&#8217;in Albufeira  \u015fehrinde yap\u0131ld\u0131. Ge\u00e7ti\u011fimiz y\u0131l\u0131n \u015fampiyonu Gen\u00e7 Kad\u0131n Atletizm  Tak\u0131m\u0131m\u0131z bu sene de mutlu sona ula\u015ft\u0131.<br><br>Ekibimiz, 23 puanla ilk s\u0131ray\u0131 al\u0131rken, Fransa&#8217;n\u0131n Clermont tak\u0131m\u0131 69 puanla 2., Danimarka&#8217;dan Sparta 77 puanla 3. oldu.<br><br>Sar\u0131 lacivertli atletlerimizden Emine Akbing\u00f6l de 4270 metrelik  parkuru 15.07&#8217;lik derecesiyle tamamlayarak ferdi kategoride k\u00fcrs\u00fcn\u00fcn ilk  basama\u011f\u0131na \u00e7\u0131kt\u0131.<br><br>Yar\u0131\u015f\u0131n ard\u0131ndan d\u00fczenlenen t\u00f6renlerde Emine Akbing\u00f6l ile Gen\u00e7 K\u0131z Tak\u0131m\u0131m\u0131z alt\u0131n madalyalar\u0131n\u0131 ald\u0131<\/p>\n\n\n\n<p>Ge\u00e7ti\u011fimiz y\u0131l 3. olan Gen\u00e7 Erkek Tak\u0131m\u0131m\u0131z ise bu sene 69 puanla 4. s\u0131ray\u0131 ald\u0131.<br><br>Sar\u0131 lacivertli atletlerimizden Ayetullah Aslanhan ise 6090 metrelik  parkurda elde etti\u011fi 19.06&#8217;l\u0131k derecesiyle, 18.52 ile 1. olan Portekizli  Edward Pingua&#8217;n\u0131n ard\u0131ndan g\u00fcm\u00fc\u015f madalya kazand\u0131. Yar\u0131\u015fta bir ba\u015fka  T\u00fcrk atlet \u00d6mer ama\u00e7tan 19.34&#8217;l\u00fck derecesiyle 3. oldu. Atletimiz  Ayetullah Aslanhan madalyas\u0131n\u0131 d\u00fczenlenen t\u00f6renle ald\u0131. <\/p>\n","protected":false},"excerpt":{"rendered":"<p>2019 Avrupa \u015eampiyon Kul\u00fcpler Kros \u015eampiyonas\u0131 Portekiz&#8217;in Albufeira \u015fehrinde yap\u0131ld\u0131. Ge\u00e7ti\u011fimiz y\u0131l\u0131n \u015fampiyonu Gen\u00e7 Kad\u0131n Atletizm Tak\u0131m\u0131m\u0131z bu sene de mutlu sona ula\u015ft\u0131. Ekibimiz, 23 puanla ilk s\u0131ray\u0131 al\u0131rken, Fransa&#8217;n\u0131n Clermont tak\u0131m\u0131 69 puanla 2., Danimarka&#8217;dan Sparta 77 puanla 3. oldu. Sar\u0131 lacivertli atletlerimizden Emine Akbing\u00f6l de 4270 metrelik parkuru 15.07&#8217;lik derecesiyle tamamlayarak ferdi kategoride [&hellip;]<\/p>\n","protected":false},"author":1,"featured_media":5901,"comment_status":"closed","ping_status":"closed","sticky":false,"template":"","format":"standard","meta":{"jnews-multi-image_gallery":[],"jnews_single_post":{"subtitle":"","format":"standard","video":"","gallery":"","source_name":"","source_url":"","via_name":"","via_url":"","override":[{"single_blog_custom":"","sidebar":"","second_sidebar":"","share_position":"","share_float_style":"","post_date_format":"","post_date_format_custom":"","post_reading_time_wpm":"","zoom_button_out_step":"1","zoom_button_in_step":"1","number_popup_post":"1"}],"image_override":[{"single_post_thumbnail_size":"","single_post_gallery_size":""}],"trending_post_position":"","trending_post_label":"","sponsored_post_label":"","sponsored_post_name":"","sponsored_post_url":"","sponsored_post_logo":"","sponsored_post_desc":""},"jnews_primary_category":{"id":"13"},"jnews_social_meta":{"fb_title":"","fb_description":"","fb_image":"","twitter_title":"","twitter_description":"","twitter_image":""},"jnews_override_counter":{"view_counter_number":"0","share_counter_number":"0","like_counter_number":"0","dislike_counter_number":"0"},"footnotes":""},"categories":[13,2],"tags":[32],"class_list":["post-5900","post","type-post","status-publish","format-standard","has-post-thumbnail","hentry","category-atletizm","category-haberler","tag-atletizm"],"amp_enabled":true,"_links":{"self":[{"href":"https:\/\/www.fener.org\/index.php\/wp-json\/wp\/v2\/posts\/5900","targetHints":{"allow":["GET"]}}],"collection":[{"href":"https:\/\/www.fener.org\/index.php\/wp-json\/wp\/v2\/posts"}],"about":[{"href":"https:\/\/www.fener.org\/index.php\/wp-json\/wp\/v2\/types\/post"}],"author":[{"embeddable":true,"href":"https:\/\/www.fener.org\/index.php\/wp-json\/wp\/v2\/users\/1"}],"replies":[{"embeddable":true,"href":"https:\/\/www.fener.org\/index.php\/wp-json\/wp\/v2\/comments?post=5900"}],"version-history":[{"count":1,"href":"https:\/\/www.fener.org\/index.php\/wp-json\/wp\/v2\/posts\/5900\/revisions"}],"predecessor-version":[{"id":5902,"href":"https:\/\/www.fener.org\/index.php\/wp-json\/wp\/v2\/posts\/5900\/revisions\/5902"}],"wp:featuredmedia":[{"embeddable":true,"href":"https:\/\/www.fener.org\/index.php\/wp-json\/wp\/v2\/media\/5901"}],"wp:attachment":[{"href":"https:\/\/www.fener.org\/index.php\/wp-json\/wp\/v2\/media?parent=5900"}],"wp:term":[{"taxonomy":"category","embeddable":true,"href":"https:\/\/www.fener.org\/index.php\/wp-json\/wp\/v2\/categories?post=5900"},{"taxonomy":"post_tag","embeddable":true,"href":"https:\/\/www.fener.org\/index.php\/wp-json\/wp\/v2\/tags?post=5900"}],"curies":[{"name":"wp","href":"https:\/\/api.w.org\/{rel}","templated":true}]}}