{"id":5897,"date":"2019-02-04T13:03:14","date_gmt":"2019-02-04T10:03:14","guid":{"rendered":"https:\/\/www.fener.org\/?p=5897"},"modified":"2021-07-27T10:22:22","modified_gmt":"2021-07-27T07:22:22","slug":"batuhan-eruygun-turkiye-sampiyonu-oldu","status":"publish","type":"post","link":"https:\/\/www.fener.org\/index.php\/2019\/02\/04\/batuhan-eruygun-turkiye-sampiyonu-oldu\/","title":{"rendered":"Batuhan Eruygun T\u00fcrkiye \u015eampiyonu oldu"},"content":{"rendered":"\n<p>\u0130stanbul&#8217;da d\u00fczenlenen Turkcell T\u00fcrkiye B\u00fcy\u00fckler ve 20 Ya\u015f Alt\u0131 Salon  Atletizm \u015eampiyonas\u0131&#8217;n\u0131n ikinci g\u00fcn\u00fcnde 60m engelli kategorisinde  yar\u0131\u015fan atletimiz Batuhan Eruygun, elde etti\u011fi 7.94\u2019l\u00fck derecesiyle  rakiplerini geride b\u0131rakarak T\u00fcrkiye \u015eampiyonu olmay\u0131 ba\u015fard\u0131.<\/p>\n\n\n\n<p>6 May\u0131s 2015 y\u0131l\u0131nda kanser te\u015fhisi konulan ve \u015eubat 2017&#8217;de tedavisi  sonlanan Batuhan Bu\u011fra Eruygun, ge\u00e7ti\u011fimiz y\u0131l Balkan Salon Atletizm  \u015eampiyonas\u0131&#8217;nda 60 metre engellide Balkan \u015eampiyonlu\u011fu&#8217;nu kazanmas\u0131n\u0131n  yan\u0131 s\u0131ra 7.91&#8217;lik derecesiyle T\u00fcrkiye rekorunu da k\u0131rarak ad\u0131n\u0131 zirveye  yazd\u0131rm\u0131\u015ft\u0131. Ge\u00e7ti\u011fimiz y\u0131l tedavisinden sonra pistlere d\u00f6nen ve  hayallerinin \u00f6tesinde bir ba\u015far\u0131 elde eden Eruygun \u015funlar\u0131 s\u00f6yledi:<\/p>\n\n\n\n<blockquote class=\"wp-block-quote is-layout-flow wp-block-quote-is-layout-flow\"><p>\u2018\u2019\u0130nsanlara umut  olmak hedefiyle spor kariyerime devam ediyorum. Bu y\u0131l da unvan\u0131m\u0131  koruyarak tekrar 7.94\u2019l\u00fck derece ile T\u00fcrkiye \u015fampiyonu oldum. \u015eimdi 16  \u015eubat\u2019ta Balkan \u015eampiyonas\u0131\u2019nda m\u00fccadele edece\u011fim. Hedefim ge\u00e7en y\u0131l  \u015fampiyona tarihinde ilk alt\u0131n\u0131 getirdi\u011fim gibi bu y\u0131l da ikincisini  \u00fclkem ve kul\u00fcb\u00fcm ad\u0131na tekrar T\u00fcrkiye rekoruyla kazanmak. 1-3 Mart aras\u0131  \u0130sko\u00e7ya\u2019n\u0131n Glasgow kentinde yap\u0131lacak Avrupa Atletizm \u015eampiyonas\u0131\u2019nda  final ko\u015farak Avrupa\u2019n\u0131n say\u0131l\u0131 atletleri aras\u0131na girmek istiyorum\u2019.\u2019<\/p><\/blockquote>\n","protected":false},"excerpt":{"rendered":"<p>\u0130stanbul&#8217;da d\u00fczenlenen Turkcell T\u00fcrkiye B\u00fcy\u00fckler ve 20 Ya\u015f Alt\u0131 Salon Atletizm \u015eampiyonas\u0131&#8217;n\u0131n ikinci g\u00fcn\u00fcnde 60m engelli kategorisinde yar\u0131\u015fan atletimiz Batuhan Eruygun, elde etti\u011fi 7.94\u2019l\u00fck derecesiyle rakiplerini geride b\u0131rakarak T\u00fcrkiye \u015eampiyonu olmay\u0131 ba\u015fard\u0131. 6 May\u0131s 2015 y\u0131l\u0131nda kanser te\u015fhisi konulan ve \u015eubat 2017&#8217;de tedavisi sonlanan Batuhan Bu\u011fra Eruygun, ge\u00e7ti\u011fimiz y\u0131l Balkan Salon Atletizm \u015eampiyonas\u0131&#8217;nda 60 metre [&hellip;]<\/p>\n","protected":false},"author":1,"featured_media":5898,"comment_status":"closed","ping_status":"closed","sticky":false,"template":"","format":"standard","meta":{"jnews-multi-image_gallery":[],"jnews_single_post":{"subtitle":"","format":"standard","video":"","gallery":"","source_name":"","source_url":"","via_name":"","via_url":"","override":[{"single_blog_custom":"","sidebar":"","second_sidebar":"","share_position":"","share_float_style":"","post_date_format":"","post_date_format_custom":"","post_reading_time_wpm":"","zoom_button_out_step":"1","zoom_button_in_step":"1","number_popup_post":"1"}],"image_override":[{"single_post_thumbnail_size":"","single_post_gallery_size":""}],"trending_post_position":"","trending_post_label":"","sponsored_post_label":"","sponsored_post_name":"","sponsored_post_url":"","sponsored_post_logo":"","sponsored_post_desc":""},"jnews_primary_category":{"id":"13"},"jnews_social_meta":{"fb_title":"","fb_description":"","fb_image":"","twitter_title":"","twitter_description":"","twitter_image":""},"jnews_override_counter":{"view_counter_number":"0","share_counter_number":"0","like_counter_number":"0","dislike_counter_number":"0"},"footnotes":""},"categories":[13,2],"tags":[32,23],"class_list":["post-5897","post","type-post","status-publish","format-standard","has-post-thumbnail","hentry","category-atletizm","category-haberler","tag-atletizm","tag-fenerbahce"],"amp_enabled":true,"_links":{"self":[{"href":"https:\/\/www.fener.org\/index.php\/wp-json\/wp\/v2\/posts\/5897","targetHints":{"allow":["GET"]}}],"collection":[{"href":"https:\/\/www.fener.org\/index.php\/wp-json\/wp\/v2\/posts"}],"about":[{"href":"https:\/\/www.fener.org\/index.php\/wp-json\/wp\/v2\/types\/post"}],"author":[{"embeddable":true,"href":"https:\/\/www.fener.org\/index.php\/wp-json\/wp\/v2\/users\/1"}],"replies":[{"embeddable":true,"href":"https:\/\/www.fener.org\/index.php\/wp-json\/wp\/v2\/comments?post=5897"}],"version-history":[{"count":1,"href":"https:\/\/www.fener.org\/index.php\/wp-json\/wp\/v2\/posts\/5897\/revisions"}],"predecessor-version":[{"id":5899,"href":"https:\/\/www.fener.org\/index.php\/wp-json\/wp\/v2\/posts\/5897\/revisions\/5899"}],"wp:featuredmedia":[{"embeddable":true,"href":"https:\/\/www.fener.org\/index.php\/wp-json\/wp\/v2\/media\/5898"}],"wp:attachment":[{"href":"https:\/\/www.fener.org\/index.php\/wp-json\/wp\/v2\/media?parent=5897"}],"wp:term":[{"taxonomy":"category","embeddable":true,"href":"https:\/\/www.fener.org\/index.php\/wp-json\/wp\/v2\/categories?post=5897"},{"taxonomy":"post_tag","embeddable":true,"href":"https:\/\/www.fener.org\/index.php\/wp-json\/wp\/v2\/tags?post=5897"}],"curies":[{"name":"wp","href":"https:\/\/api.w.org\/{rel}","templated":true}]}}