{"id":5811,"date":"2019-01-31T09:02:55","date_gmt":"2019-01-31T06:02:55","guid":{"rendered":"https:\/\/www.fener.org\/?p=5811"},"modified":"2019-01-31T09:03:08","modified_gmt":"2019-01-31T06:03:08","slug":"obradovic-duzenli-basketbol-oynayan-bir-takimla-karsilasacagiz","status":"publish","type":"post","link":"https:\/\/www.fener.org\/index.php\/2019\/01\/31\/obradovic-duzenli-basketbol-oynayan-bir-takimla-karsilasacagiz\/","title":{"rendered":"Obradovic: D\u00fczenli basketbol oynayan bir tak\u0131mla kar\u015f\u0131la\u015faca\u011f\u0131z"},"content":{"rendered":"\n<p>Obradovic ma\u00e7 \u00f6ncesi yapt\u0131\u011f\u0131 a\u00e7\u0131klamalarda \u015funlar\u0131 s\u00f6yledi:<\/p>\n\n\n\n<blockquote class=\"wp-block-quote is-layout-flow wp-block-quote-is-layout-flow\"><p>&#8220;EuroLeague\u2019de yeni bir ma\u00e7a \u00e7\u0131k\u0131yoruz. Savunmada ve h\u00fccumda her zaman  d\u00fczenli basketbol oynayan bir tak\u0131mla kar\u015f\u0131la\u015faca\u011f\u0131z. Bireysel  yeteneklere sahipler ama daha \u00f6nemli olan, tak\u0131m olarak oynayabilmeleri.  Topu payla\u015f\u0131yorlar ve ma\u00e7\u0131n her an\u0131nda \u00f6nemli detaylar\u0131n fark\u0131nda  olacak \u015fekilde oynuyorlar. Buraya Bayern M\u00fcnih\u2019e b\u00fcy\u00fck sayg\u0131 duyarak ve  \u0130stanbul\u2019da oynad\u0131\u011f\u0131m\u0131z ma\u00e7ta ya\u015fad\u0131\u011f\u0131m\u0131z zorlu\u011fu unutmamaya \u00e7al\u0131\u015farak  geldik.&#8221; <\/p><\/blockquote>\n","protected":false},"excerpt":{"rendered":"<p>Obradovic ma\u00e7 \u00f6ncesi yapt\u0131\u011f\u0131 a\u00e7\u0131klamalarda \u015funlar\u0131 s\u00f6yledi: &#8220;EuroLeague\u2019de yeni bir ma\u00e7a \u00e7\u0131k\u0131yoruz. Savunmada ve h\u00fccumda her zaman d\u00fczenli basketbol oynayan bir tak\u0131mla kar\u015f\u0131la\u015faca\u011f\u0131z. Bireysel yeteneklere sahipler ama daha \u00f6nemli olan, tak\u0131m olarak oynayabilmeleri. Topu payla\u015f\u0131yorlar ve ma\u00e7\u0131n her an\u0131nda \u00f6nemli detaylar\u0131n fark\u0131nda olacak \u015fekilde oynuyorlar. Buraya Bayern M\u00fcnih\u2019e b\u00fcy\u00fck sayg\u0131 duyarak ve \u0130stanbul\u2019da oynad\u0131\u011f\u0131m\u0131z ma\u00e7ta [&hellip;]<\/p>\n","protected":false},"author":1,"featured_media":3344,"comment_status":"closed","ping_status":"closed","sticky":false,"template":"","format":"standard","meta":{"jnews-multi-image_gallery":[],"jnews_single_post":{"subtitle":"Fernabah\u00e7e Erkek Basketbol Tak\u0131m\u0131m\u0131z\u0131n Ba\u015fantren\u00f6r\u00fc Zeljko Obradovic, tak\u0131m\u0131m\u0131z\u0131n deplasmanda Bayern M\u00fcnih ile oynayaca\u011f\u0131 kar\u015f\u0131la\u015fma \u00f6ncesinde a\u00e7\u0131klamalarda bulundu.","format":"standard","video":"","gallery":"","source_name":"","source_url":"","via_name":"","via_url":"","override":[{"single_blog_custom":"","sidebar":"","second_sidebar":"","share_position":"","share_float_style":"","post_date_format":"","post_date_format_custom":"","number_popup_post":"1"}],"image_override":[{"single_post_thumbnail_size":"","single_post_gallery_size":""}],"trending_post_position":"","trending_post_label":""},"jnews_primary_category":{"id":"5"},"jnews_social_meta":[],"jnews_override_counter":{"view_counter_number":"0","share_counter_number":"0","like_counter_number":"0","dislike_counter_number":"0"},"footnotes":""},"categories":[5,6,2],"tags":[74,23,75],"class_list":["post-5811","post","type-post","status-publish","format-standard","has-post-thumbnail","hentry","category-basketbol","category-erkek-basketbol","category-haberler","tag-euroleague","tag-fenerbahce","tag-zeljkoobradovic"],"amp_enabled":true,"_links":{"self":[{"href":"https:\/\/www.fener.org\/index.php\/wp-json\/wp\/v2\/posts\/5811","targetHints":{"allow":["GET"]}}],"collection":[{"href":"https:\/\/www.fener.org\/index.php\/wp-json\/wp\/v2\/posts"}],"about":[{"href":"https:\/\/www.fener.org\/index.php\/wp-json\/wp\/v2\/types\/post"}],"author":[{"embeddable":true,"href":"https:\/\/www.fener.org\/index.php\/wp-json\/wp\/v2\/users\/1"}],"replies":[{"embeddable":true,"href":"https:\/\/www.fener.org\/index.php\/wp-json\/wp\/v2\/comments?post=5811"}],"version-history":[{"count":1,"href":"https:\/\/www.fener.org\/index.php\/wp-json\/wp\/v2\/posts\/5811\/revisions"}],"predecessor-version":[{"id":5812,"href":"https:\/\/www.fener.org\/index.php\/wp-json\/wp\/v2\/posts\/5811\/revisions\/5812"}],"wp:featuredmedia":[{"embeddable":true,"href":"https:\/\/www.fener.org\/index.php\/wp-json\/wp\/v2\/media\/3344"}],"wp:attachment":[{"href":"https:\/\/www.fener.org\/index.php\/wp-json\/wp\/v2\/media?parent=5811"}],"wp:term":[{"taxonomy":"category","embeddable":true,"href":"https:\/\/www.fener.org\/index.php\/wp-json\/wp\/v2\/categories?post=5811"},{"taxonomy":"post_tag","embeddable":true,"href":"https:\/\/www.fener.org\/index.php\/wp-json\/wp\/v2\/tags?post=5811"}],"curies":[{"name":"wp","href":"https:\/\/api.w.org\/{rel}","templated":true}]}}