{"id":5752,"date":"2019-01-27T21:29:37","date_gmt":"2019-01-27T18:29:37","guid":{"rendered":"https:\/\/www.fener.org\/?p=5752"},"modified":"2019-01-27T21:29:44","modified_gmt":"2019-01-27T18:29:44","slug":"didem-akin-cok-sert-bir-mac-oldu","status":"publish","type":"post","link":"https:\/\/www.fener.org\/index.php\/2019\/01\/27\/didem-akin-cok-sert-bir-mac-oldu\/","title":{"rendered":"Didem Ak\u0131n: \u00c7ok sert bir ma\u00e7 oldu"},"content":{"rendered":"\n<p>Didem Ak\u0131n, Galatasaray ma\u00e7\u0131 sonras\u0131 FBTV\u2019ye yapt\u0131\u011f\u0131 a\u00e7\u0131klamalarda \u015funlar\u0131 s\u00f6yledi:<\/p>\n\n\n\n<blockquote class=\"wp-block-quote is-layout-flow wp-block-quote-is-layout-flow\"><p>\u201c\u00c7ok sert bir ma\u00e7 oldu. Anastasiya Verameyenka sakatl\u0131\u011f\u0131 sonras\u0131 T\u00fcrk oyuncular\u0131m\u0131z \u00e7ok b\u00fcy\u00fck sorumluluk ald\u0131. B\u00fct\u00fcn oyuncular\u0131m\u0131z\u0131 y\u00fcrekten tebrik ederim. Yaln\u0131z inan\u0131lmaz bir k\u00fcf\u00fcr vard\u0131. Hi\u00e7bir \u015fekilde anons edilmedi. Bundan dolay\u0131 \u00e7ok \u00e7ok \u00fczg\u00fcn\u00fcm. \u00c7akmaklar at\u0131ld\u0131. Hi\u00e7bir \u015fekilde anons yap\u0131lmad\u0131. \u00c7ok \u00e7ok \u00fcz\u00fcc\u00fc bir durum. Bu atmosferden galibiyetle ayr\u0131ld\u0131\u011f\u0131m\u0131z i\u00e7in \u00e7ok mutluyum. Verameyenka  MR\u2019a gidecek. \u0130n\u015fallah \u00c7ar\u015fambaya yeti\u015fir.\u201d<\/p><\/blockquote>\n","protected":false},"excerpt":{"rendered":"<p>Didem Ak\u0131n, Galatasaray ma\u00e7\u0131 sonras\u0131 FBTV\u2019ye yapt\u0131\u011f\u0131 a\u00e7\u0131klamalarda \u015funlar\u0131 s\u00f6yledi: \u201c\u00c7ok sert bir ma\u00e7 oldu. Anastasiya Verameyenka sakatl\u0131\u011f\u0131 sonras\u0131 T\u00fcrk oyuncular\u0131m\u0131z \u00e7ok b\u00fcy\u00fck sorumluluk ald\u0131. B\u00fct\u00fcn oyuncular\u0131m\u0131z\u0131 y\u00fcrekten tebrik ederim. Yaln\u0131z inan\u0131lmaz bir k\u00fcf\u00fcr vard\u0131. Hi\u00e7bir \u015fekilde anons edilmedi. Bundan dolay\u0131 \u00e7ok \u00e7ok \u00fczg\u00fcn\u00fcm. \u00c7akmaklar at\u0131ld\u0131. Hi\u00e7bir \u015fekilde anons yap\u0131lmad\u0131. \u00c7ok \u00e7ok \u00fcz\u00fcc\u00fc bir durum. [&hellip;]<\/p>\n","protected":false},"author":1,"featured_media":5753,"comment_status":"closed","ping_status":"closed","sticky":false,"template":"","format":"standard","meta":{"jnews-multi-image_gallery":[],"jnews_single_post":{"subtitle":"Kad\u0131n Basketbol Tak\u0131m\u0131m\u0131z\u0131n Menajeri Didem Ak\u0131n, Fenerbah\u00e7emizin Kad\u0131nlar Basketbol S\u00fcper Ligi'nde 16. hafta ma\u00e7\u0131nda Galatasaray kar\u015f\u0131s\u0131nda ald\u0131\u011f\u0131 galibiyetin ard\u0131ndan Fenerbah\u00e7e TV'ye a\u00e7\u0131klamalarda bulundu.","format":"standard","video":"","gallery":"","source_name":"","source_url":"","via_name":"","via_url":"","override":[{"single_blog_custom":"","sidebar":"","second_sidebar":"","share_position":"","share_float_style":"","post_date_format":"","post_date_format_custom":"","number_popup_post":"1"}],"image_override":[{"single_post_thumbnail_size":"","single_post_gallery_size":""}],"trending_post_position":"","trending_post_label":""},"jnews_primary_category":{"id":"5"},"jnews_social_meta":[],"jnews_override_counter":{"view_counter_number":"0","share_counter_number":"0","like_counter_number":"0","dislike_counter_number":"0"},"footnotes":""},"categories":[5,2,7],"tags":[24,23],"class_list":["post-5752","post","type-post","status-publish","format-standard","has-post-thumbnail","hentry","category-basketbol","category-haberler","category-kadin-basketbol","tag-basketbol","tag-fenerbahce"],"amp_enabled":true,"_links":{"self":[{"href":"https:\/\/www.fener.org\/index.php\/wp-json\/wp\/v2\/posts\/5752","targetHints":{"allow":["GET"]}}],"collection":[{"href":"https:\/\/www.fener.org\/index.php\/wp-json\/wp\/v2\/posts"}],"about":[{"href":"https:\/\/www.fener.org\/index.php\/wp-json\/wp\/v2\/types\/post"}],"author":[{"embeddable":true,"href":"https:\/\/www.fener.org\/index.php\/wp-json\/wp\/v2\/users\/1"}],"replies":[{"embeddable":true,"href":"https:\/\/www.fener.org\/index.php\/wp-json\/wp\/v2\/comments?post=5752"}],"version-history":[{"count":1,"href":"https:\/\/www.fener.org\/index.php\/wp-json\/wp\/v2\/posts\/5752\/revisions"}],"predecessor-version":[{"id":5754,"href":"https:\/\/www.fener.org\/index.php\/wp-json\/wp\/v2\/posts\/5752\/revisions\/5754"}],"wp:featuredmedia":[{"embeddable":true,"href":"https:\/\/www.fener.org\/index.php\/wp-json\/wp\/v2\/media\/5753"}],"wp:attachment":[{"href":"https:\/\/www.fener.org\/index.php\/wp-json\/wp\/v2\/media?parent=5752"}],"wp:term":[{"taxonomy":"category","embeddable":true,"href":"https:\/\/www.fener.org\/index.php\/wp-json\/wp\/v2\/categories?post=5752"},{"taxonomy":"post_tag","embeddable":true,"href":"https:\/\/www.fener.org\/index.php\/wp-json\/wp\/v2\/tags?post=5752"}],"curies":[{"name":"wp","href":"https:\/\/api.w.org\/{rel}","templated":true}]}}