{"id":5504,"date":"2019-01-18T09:30:24","date_gmt":"2019-01-18T06:30:24","guid":{"rendered":"https:\/\/www.fener.org\/?p=5504"},"modified":"2019-01-18T09:30:29","modified_gmt":"2019-01-18T06:30:29","slug":"turkiye-boks-sampiyonasinda-8-boksorumuz-ust-tura-yukseldi","status":"publish","type":"post","link":"https:\/\/www.fener.org\/index.php\/2019\/01\/18\/turkiye-boks-sampiyonasinda-8-boksorumuz-ust-tura-yukseldi\/","title":{"rendered":"T\u00fcrkiye Boks \u015eampiyonas\u0131\u2019nda 8 boks\u00f6r\u00fcm\u00fcz \u00fcst tura y\u00fckseldi"},"content":{"rendered":"\n<p>22 Ya\u015f Alt\u0131 Erkekler ve Kad\u0131nlar T\u00fcrkiye Boks \u015eampiyonas\u0131\u2019nda m\u00fccadele eden boks\u00f6rlerimizden 8\u2019i bir \u00fcst tura y\u00fckseldi.<\/p>\n\n\n\n<p>Ringe \u00e7\u0131kan sporcular\u0131m\u0131zdan 56 kg Batuhan \u00c7ift\u00e7i ile Ali \u0130hsan Alaga\u015f, 60 kg Ahmet \u00c7ikot, Muhammet Tevfik Y\u0131ld\u0131z ve Cansu \u00c7ak\u0131r, 75 kg Yusuf G\u00f6k\u00e7ek ile Yusuf \u00d6zdemir ve 81 kg Turgut Furkan Medeto\u011flu rakiplerini ma\u011flup ederek bir \u00fcst tura y\u00fckseldi.<\/p>\n\n\n\n<p>75 kg M\u00fccahit Tatl\u0131, 81 kg Sedat Ka\u00e7ar ve +81 kg Makbule Uysal ise turnuvaya bu turda veda etti.<\/p>\n\n\n\n<p>22 Ya\u015f Alt\u0131 Erkekler ve Kad\u0131nlar T\u00fcrkiye Boks \u015eampiyonas\u0131\u2019nda heyecan bug\u00fcn (18 Ocak Cuma g\u00fcn\u00fc) yap\u0131lacak m\u00fccadelelerle devam edecek.<\/p>\n","protected":false},"excerpt":{"rendered":"<p>22 Ya\u015f Alt\u0131 Erkekler ve Kad\u0131nlar T\u00fcrkiye Boks \u015eampiyonas\u0131\u2019nda m\u00fccadele eden boks\u00f6rlerimizden 8\u2019i bir \u00fcst tura y\u00fckseldi. Ringe \u00e7\u0131kan sporcular\u0131m\u0131zdan 56 kg Batuhan \u00c7ift\u00e7i ile Ali \u0130hsan Alaga\u015f, 60 kg Ahmet \u00c7ikot, Muhammet Tevfik Y\u0131ld\u0131z ve Cansu \u00c7ak\u0131r, 75 kg Yusuf G\u00f6k\u00e7ek ile Yusuf \u00d6zdemir ve 81 kg Turgut Furkan Medeto\u011flu rakiplerini ma\u011flup ederek bir [&hellip;]<\/p>\n","protected":false},"author":1,"featured_media":5505,"comment_status":"closed","ping_status":"closed","sticky":false,"template":"","format":"standard","meta":{"jnews-multi-image_gallery":[],"jnews_single_post":{"subtitle":"T\u00fcrkiye Boks Federasyonu\u2019nun 2019 y\u0131l\u0131 faaliyet raporunda yer alan 22 Ya\u015f Alt\u0131 Erkekler ve Kad\u0131nlar T\u00fcrkiye Boks \u015eampiyonas\u0131 devam ediyor.","format":"standard","video":"","gallery":"","source_name":"","source_url":"","via_name":"","via_url":"","override":[{"single_blog_custom":"","sidebar":"","second_sidebar":"","share_position":"","share_float_style":"","post_date_format":"","post_date_format_custom":"","number_popup_post":"1"}],"image_override":[{"single_post_thumbnail_size":"","single_post_gallery_size":""}],"trending_post_position":"","trending_post_label":""},"jnews_primary_category":{"id":"15"},"jnews_social_meta":[],"jnews_override_counter":{"view_counter_number":"0","share_counter_number":"0","like_counter_number":"0","dislike_counter_number":"0"},"footnotes":""},"categories":[15,2],"tags":[34,23],"class_list":["post-5504","post","type-post","status-publish","format-standard","has-post-thumbnail","hentry","category-boks","category-haberler","tag-boks","tag-fenerbahce"],"amp_enabled":true,"_links":{"self":[{"href":"https:\/\/www.fener.org\/index.php\/wp-json\/wp\/v2\/posts\/5504","targetHints":{"allow":["GET"]}}],"collection":[{"href":"https:\/\/www.fener.org\/index.php\/wp-json\/wp\/v2\/posts"}],"about":[{"href":"https:\/\/www.fener.org\/index.php\/wp-json\/wp\/v2\/types\/post"}],"author":[{"embeddable":true,"href":"https:\/\/www.fener.org\/index.php\/wp-json\/wp\/v2\/users\/1"}],"replies":[{"embeddable":true,"href":"https:\/\/www.fener.org\/index.php\/wp-json\/wp\/v2\/comments?post=5504"}],"version-history":[{"count":1,"href":"https:\/\/www.fener.org\/index.php\/wp-json\/wp\/v2\/posts\/5504\/revisions"}],"predecessor-version":[{"id":5506,"href":"https:\/\/www.fener.org\/index.php\/wp-json\/wp\/v2\/posts\/5504\/revisions\/5506"}],"wp:featuredmedia":[{"embeddable":true,"href":"https:\/\/www.fener.org\/index.php\/wp-json\/wp\/v2\/media\/5505"}],"wp:attachment":[{"href":"https:\/\/www.fener.org\/index.php\/wp-json\/wp\/v2\/media?parent=5504"}],"wp:term":[{"taxonomy":"category","embeddable":true,"href":"https:\/\/www.fener.org\/index.php\/wp-json\/wp\/v2\/categories?post=5504"},{"taxonomy":"post_tag","embeddable":true,"href":"https:\/\/www.fener.org\/index.php\/wp-json\/wp\/v2\/tags?post=5504"}],"curies":[{"name":"wp","href":"https:\/\/api.w.org\/{rel}","templated":true}]}}