{"id":5461,"date":"2019-01-17T12:32:34","date_gmt":"2019-01-17T09:32:34","guid":{"rendered":"https:\/\/www.fener.org\/?p=5461"},"modified":"2019-01-17T12:32:39","modified_gmt":"2019-01-17T09:32:39","slug":"victor-garcia-fenerbahcenin-kadrosu-euroleaguein-en-iyilerinden-bir-tanesi","status":"publish","type":"post","link":"https:\/\/www.fener.org\/index.php\/2019\/01\/17\/victor-garcia-fenerbahcenin-kadrosu-euroleaguein-en-iyilerinden-bir-tanesi\/","title":{"rendered":"Victor Garcia: Fenerbah\u00e7e&#8217;nin kadrosu EuroLeague\u2019in en iyilerinden bir tanesi"},"content":{"rendered":"\n<p>Gran Canaria ba\u015fantren\u00f6r\u00fc Victor Garcia, tak\u0131m\u0131n\u0131n kendi sahas\u0131nda Fenerbah\u00e7e Beko ile oynayaca\u011f\u0131 Turkish Airlines EuroLeague 19. hafta ma\u00e7\u0131ndan \u00f6nce a\u00e7\u0131klamalarda bulundu.<\/p>\n\n\n\n<p>Victor Garcia \u015funlar\u0131 s\u00f6yledi:<\/p>\n\n\n\n<blockquote class=\"wp-block-quote is-layout-flow wp-block-quote-is-layout-flow\"><p>\u201cFenerbah\u00e7e Beko\u2019nun kadrosu EuroLeague\u2019in en iyilerinden bir tanesi. Oyun kurucu pozisyonunda Sloukas ve Dixon gibi fizikli oyunculara sahipler. Datome ve Guduric gibi yarat\u0131c\u0131 ve \u015fut\u00f6r oyuncular\u0131 var. \u0130\u00e7eride de Vesely ve Melli ile y\u00fcksek ritim ve tutku ile oynuyorlar. Onlara kar\u015f\u0131 oynarken sizin de ayn\u0131 y\u00fcksek seviyedeki tutkuyla oynaman\u0131z gerekiyor. Ayr\u0131ca y\u0131llard\u0131r birlikte oynayan kaliteli bir ekipler. Bu kadroyu yaln\u0131zca birka\u00e7 de\u011fi\u015fiklikle in\u015faa ettiler.\u201d<\/p><\/blockquote>\n","protected":false},"excerpt":{"rendered":"<p>Gran Canaria ba\u015fantren\u00f6r\u00fc Victor Garcia, tak\u0131m\u0131n\u0131n kendi sahas\u0131nda Fenerbah\u00e7e Beko ile oynayaca\u011f\u0131 Turkish Airlines EuroLeague 19. hafta ma\u00e7\u0131ndan \u00f6nce a\u00e7\u0131klamalarda bulundu. Victor Garcia \u015funlar\u0131 s\u00f6yledi: \u201cFenerbah\u00e7e Beko\u2019nun kadrosu EuroLeague\u2019in en iyilerinden bir tanesi. Oyun kurucu pozisyonunda Sloukas ve Dixon gibi fizikli oyunculara sahipler. Datome ve Guduric gibi yarat\u0131c\u0131 ve \u015fut\u00f6r oyuncular\u0131 var. \u0130\u00e7eride de Vesely [&hellip;]<\/p>\n","protected":false},"author":1,"featured_media":5462,"comment_status":"closed","ping_status":"closed","sticky":false,"template":"","format":"standard","meta":{"jnews-multi-image_gallery":[],"jnews_single_post":{"subtitle":"Gran Canaria ba\u015fantren\u00f6r\u00fc Victor Garcia, Fenerbah\u00e7e Beko ma\u00e7\u0131 \u00f6ncesinde a\u00e7\u0131klamalarda bulundu. ","format":"standard","video":"","gallery":"","source_name":"","source_url":"","via_name":"","via_url":"","override":[{"single_blog_custom":"","sidebar":"","second_sidebar":"","share_position":"","share_float_style":"","post_date_format":"","post_date_format_custom":"","number_popup_post":"1"}],"image_override":[{"single_post_thumbnail_size":"","single_post_gallery_size":""}],"trending_post_position":"","trending_post_label":""},"jnews_primary_category":{"id":"5"},"jnews_social_meta":[],"jnews_override_counter":{"view_counter_number":"0","share_counter_number":"0","like_counter_number":"0","dislike_counter_number":"0"},"footnotes":""},"categories":[5,6,2],"tags":[74,23,79],"class_list":["post-5461","post","type-post","status-publish","format-standard","has-post-thumbnail","hentry","category-basketbol","category-erkek-basketbol","category-haberler","tag-euroleague","tag-fenerbahce","tag-neverenough"],"amp_enabled":true,"_links":{"self":[{"href":"https:\/\/www.fener.org\/index.php\/wp-json\/wp\/v2\/posts\/5461","targetHints":{"allow":["GET"]}}],"collection":[{"href":"https:\/\/www.fener.org\/index.php\/wp-json\/wp\/v2\/posts"}],"about":[{"href":"https:\/\/www.fener.org\/index.php\/wp-json\/wp\/v2\/types\/post"}],"author":[{"embeddable":true,"href":"https:\/\/www.fener.org\/index.php\/wp-json\/wp\/v2\/users\/1"}],"replies":[{"embeddable":true,"href":"https:\/\/www.fener.org\/index.php\/wp-json\/wp\/v2\/comments?post=5461"}],"version-history":[{"count":1,"href":"https:\/\/www.fener.org\/index.php\/wp-json\/wp\/v2\/posts\/5461\/revisions"}],"predecessor-version":[{"id":5463,"href":"https:\/\/www.fener.org\/index.php\/wp-json\/wp\/v2\/posts\/5461\/revisions\/5463"}],"wp:featuredmedia":[{"embeddable":true,"href":"https:\/\/www.fener.org\/index.php\/wp-json\/wp\/v2\/media\/5462"}],"wp:attachment":[{"href":"https:\/\/www.fener.org\/index.php\/wp-json\/wp\/v2\/media?parent=5461"}],"wp:term":[{"taxonomy":"category","embeddable":true,"href":"https:\/\/www.fener.org\/index.php\/wp-json\/wp\/v2\/categories?post=5461"},{"taxonomy":"post_tag","embeddable":true,"href":"https:\/\/www.fener.org\/index.php\/wp-json\/wp\/v2\/tags?post=5461"}],"curies":[{"name":"wp","href":"https:\/\/api.w.org\/{rel}","templated":true}]}}