{"id":5398,"date":"2019-01-14T11:54:29","date_gmt":"2019-01-14T08:54:29","guid":{"rendered":"https:\/\/www.fener.org\/?p=5398"},"modified":"2019-01-14T11:54:36","modified_gmt":"2019-01-14T08:54:36","slug":"rumeysa-okdem-25-yillik-turkiye-rekorunu-kirdi","status":"publish","type":"post","link":"https:\/\/www.fener.org\/index.php\/2019\/01\/14\/rumeysa-okdem-25-yillik-turkiye-rekorunu-kirdi\/","title":{"rendered":"R\u00fcmeysa \u00d6kdem, 25 y\u0131ll\u0131k T\u00fcrkiye rekorunu k\u0131rd\u0131"},"content":{"rendered":"\n<p>Salon Olimpik Deneme m\u00fcsabakalar\u0131 Atak\u00f6y Atletizm Salonu\u2019nda ger\u00e7ekle\u015ftirildi. U18, U20 ve b\u00fcy\u00fcklerde 400\u2019e yak\u0131n atletin kat\u0131ld\u0131\u011f\u0131 yar\u0131\u015fmalarda R\u00fcmeysa \u00d6kdem T\u00fcrkiye rekoru k\u0131rd\u0131.<\/p>\n\n\n\n<p>Ge\u00e7en y\u0131l D\u00fcnya U20 \u015eampiyonas\u0131\u2019nda finali \u00e7ok bir az farkla ka\u00e7\u0131ran Bursal\u0131 atlet R\u00fcmeysa \u00d6kdem, 1.82 atlayarak salondaki en iyi derecesini yedi santimetre geli\u015ftirdi ve 1994\u2019ten bu yana k\u0131r\u0131lamayan U20 kad\u0131nlar T\u00fcrkiye salon rekorunu k\u0131rd\u0131.<\/p>\n\n\n\n<div class=\"wp-block-image\"><figure class=\"aligncenter\"><img decoding=\"async\" width=\"740\" height=\"416\" src=\"https:\/\/www.fener.org\/xwebsites\/wp\/fener\/wp-content\/uploads\/2019\/01\/haber_atletizm_RumeysaOkdem_20190114.jpg\" alt=\"R\u00fcmeysa \u00d6kdem en iyi derecesini 7 cm geli\u015ftirdi\" class=\"wp-image-5400\" srcset=\"https:\/\/www.fener.org\/xwebsites\/wp\/fener\/wp-content\/uploads\/2019\/01\/haber_atletizm_RumeysaOkdem_20190114.jpg 740w, https:\/\/www.fener.org\/xwebsites\/wp\/fener\/wp-content\/uploads\/2019\/01\/haber_atletizm_RumeysaOkdem_20190114-300x169.jpg 300w, https:\/\/www.fener.org\/xwebsites\/wp\/fener\/wp-content\/uploads\/2019\/01\/haber_atletizm_RumeysaOkdem_20190114-768x432.jpg 768w, https:\/\/www.fener.org\/xwebsites\/wp\/fener\/wp-content\/uploads\/2019\/01\/haber_atletizm_RumeysaOkdem_20190114-750x422.jpg 750w\" sizes=\"(max-width: 740px) 100vw, 740px\" \/><\/figure><\/div>\n\n\n\n<p>Bu dalda eski rekor, 1994 y\u0131l\u0131n\u0131n 20 \u015eubat g\u00fcn\u00fc Atina\u2019daki Balkan Salon \u015eampiyonas\u0131\u2019nda yar\u0131\u015fan G\u00fcls\u00fcn Durak taraf\u0131ndan 1.81\u2019lik dereceyle yap\u0131lm\u0131\u015ft\u0131.<\/p>\n","protected":false},"excerpt":{"rendered":"<p>Salon Olimpik Deneme m\u00fcsabakalar\u0131 Atak\u00f6y Atletizm Salonu\u2019nda ger\u00e7ekle\u015ftirildi. U18, U20 ve b\u00fcy\u00fcklerde 400\u2019e yak\u0131n atletin kat\u0131ld\u0131\u011f\u0131 yar\u0131\u015fmalarda R\u00fcmeysa \u00d6kdem T\u00fcrkiye rekoru k\u0131rd\u0131. Ge\u00e7en y\u0131l D\u00fcnya U20 \u015eampiyonas\u0131\u2019nda finali \u00e7ok bir az farkla ka\u00e7\u0131ran Bursal\u0131 atlet R\u00fcmeysa \u00d6kdem, 1.82 atlayarak salondaki en iyi derecesini yedi santimetre geli\u015ftirdi ve 1994\u2019ten bu yana k\u0131r\u0131lamayan U20 kad\u0131nlar T\u00fcrkiye salon [&hellip;]<\/p>\n","protected":false},"author":1,"featured_media":5399,"comment_status":"closed","ping_status":"closed","sticky":false,"template":"","format":"standard","meta":{"jnews-multi-image_gallery":[],"jnews_single_post":{"subtitle":"Salon Olimpik Deneme m\u00fcsabakalar\u0131nda Fenerbah\u00e7e Atletizm \u015eubemisi sporcusu R\u00fcmeysa \u00d6kdem, y\u00fcksek atlamada 25 y\u0131ll\u0131k T\u00fcrkiye rekorunu k\u0131rd\u0131.","format":"standard","video":"","gallery":"","source_name":"","source_url":"","via_name":"","via_url":"","override":[{"single_blog_custom":"","sidebar":"","second_sidebar":"","share_position":"","share_float_style":"","post_date_format":"","post_date_format_custom":"","number_popup_post":"1"}],"image_override":[{"single_post_thumbnail_size":"","single_post_gallery_size":""}],"trending_post_position":"","trending_post_label":""},"jnews_primary_category":{"id":"13"},"jnews_social_meta":[],"jnews_override_counter":{"view_counter_number":"0","share_counter_number":"0","like_counter_number":"0","dislike_counter_number":"0"},"footnotes":""},"categories":[13,2],"tags":[32,23],"class_list":["post-5398","post","type-post","status-publish","format-standard","has-post-thumbnail","hentry","category-atletizm","category-haberler","tag-atletizm","tag-fenerbahce"],"amp_enabled":true,"_links":{"self":[{"href":"https:\/\/www.fener.org\/index.php\/wp-json\/wp\/v2\/posts\/5398","targetHints":{"allow":["GET"]}}],"collection":[{"href":"https:\/\/www.fener.org\/index.php\/wp-json\/wp\/v2\/posts"}],"about":[{"href":"https:\/\/www.fener.org\/index.php\/wp-json\/wp\/v2\/types\/post"}],"author":[{"embeddable":true,"href":"https:\/\/www.fener.org\/index.php\/wp-json\/wp\/v2\/users\/1"}],"replies":[{"embeddable":true,"href":"https:\/\/www.fener.org\/index.php\/wp-json\/wp\/v2\/comments?post=5398"}],"version-history":[{"count":2,"href":"https:\/\/www.fener.org\/index.php\/wp-json\/wp\/v2\/posts\/5398\/revisions"}],"predecessor-version":[{"id":5402,"href":"https:\/\/www.fener.org\/index.php\/wp-json\/wp\/v2\/posts\/5398\/revisions\/5402"}],"wp:featuredmedia":[{"embeddable":true,"href":"https:\/\/www.fener.org\/index.php\/wp-json\/wp\/v2\/media\/5399"}],"wp:attachment":[{"href":"https:\/\/www.fener.org\/index.php\/wp-json\/wp\/v2\/media?parent=5398"}],"wp:term":[{"taxonomy":"category","embeddable":true,"href":"https:\/\/www.fener.org\/index.php\/wp-json\/wp\/v2\/categories?post=5398"},{"taxonomy":"post_tag","embeddable":true,"href":"https:\/\/www.fener.org\/index.php\/wp-json\/wp\/v2\/tags?post=5398"}],"curies":[{"name":"wp","href":"https:\/\/api.w.org\/{rel}","templated":true}]}}