{"id":5389,"date":"2019-01-13T22:53:03","date_gmt":"2019-01-13T19:53:03","guid":{"rendered":"https:\/\/www.fener.org\/?p=5389"},"modified":"2019-01-13T22:53:08","modified_gmt":"2019-01-13T19:53:08","slug":"obradovic-cok-ciddi-ve-iyi-bir-mac-oynadik","status":"publish","type":"post","link":"https:\/\/www.fener.org\/index.php\/2019\/01\/13\/obradovic-cok-ciddi-ve-iyi-bir-mac-oynadik\/","title":{"rendered":"Obradovic: \u00c7ok ciddi ve iyi bir ma\u00e7 oynad\u0131k"},"content":{"rendered":"\n<p>T\u00fcm oyuncular\u0131na s\u00fcre vermeye \u00e7al\u0131\u015ft\u0131\u011f\u0131n\u0131 belirten Obradovic, taraftar\u0131m\u0131za da te\u015fekk\u00fcr etti\u011fi a\u00e7\u0131klamas\u0131nda \u015funlar\u0131 s\u00f6yledi:<\/p>\n\n\n\n<blockquote class=\"wp-block-quote is-layout-flow wp-block-quote-is-layout-flow\"><p>\u201c\u00c7ok ciddi ve iyi bir ma\u00e7 oynad\u0131k. Kontrol etmemiz gereken bir ma\u00e7t\u0131. Herkes iyi oynad\u0131. Normalde s\u00fcre alamayan oyuncular\u0131ma s\u00fcre vermeye \u00e7al\u0131\u015ft\u0131m. M\u00fcmk\u00fcn oldu\u011fu kadar onlar iyi reaksiyon verdiler. Bundan dolay\u0131 \u00e7ok mutluyum. Gen\u00e7 oyuncular \u00e7ok ciddi oynad\u0131lar. Ergi, \u00e7ok agresif ve istekli bir basketbol oynad\u0131. Nas\u0131l oynamak istedi\u011fini herkese g\u00f6sterdi. Sahaya \u00e7\u0131kt\u0131\u011f\u0131nda zevk almak istedi\u011fini de g\u00f6sterdi. Bir oyuncu i\u00e7in de \u00f6nemli olan bu. Sahada zevk almay\u0131 ba\u015farabilmek. Umar\u0131m ileride de onu oynatmak i\u00e7in f\u0131rsatlar buluruz. Taraftarlara da yaratt\u0131klar\u0131 atmosfer i\u00e7in te\u015fekk\u00fcr ediyorum. Destekleri ve oyuncular\u0131m\u0131z i\u00e7in yapt\u0131klar\u0131 her \u015fey bizim i\u00e7in \u00e7ok \u00f6nemli.\u201d <\/p><\/blockquote>\n","protected":false},"excerpt":{"rendered":"<p>T\u00fcm oyuncular\u0131na s\u00fcre vermeye \u00e7al\u0131\u015ft\u0131\u011f\u0131n\u0131 belirten Obradovic, taraftar\u0131m\u0131za da te\u015fekk\u00fcr etti\u011fi a\u00e7\u0131klamas\u0131nda \u015funlar\u0131 s\u00f6yledi: \u201c\u00c7ok ciddi ve iyi bir ma\u00e7 oynad\u0131k. Kontrol etmemiz gereken bir ma\u00e7t\u0131. Herkes iyi oynad\u0131. Normalde s\u00fcre alamayan oyuncular\u0131ma s\u00fcre vermeye \u00e7al\u0131\u015ft\u0131m. M\u00fcmk\u00fcn oldu\u011fu kadar onlar iyi reaksiyon verdiler. Bundan dolay\u0131 \u00e7ok mutluyum. Gen\u00e7 oyuncular \u00e7ok ciddi oynad\u0131lar. Ergi, \u00e7ok agresif [&hellip;]<\/p>\n","protected":false},"author":1,"featured_media":5390,"comment_status":"closed","ping_status":"closed","sticky":false,"template":"","format":"standard","meta":{"jnews-multi-image_gallery":[],"jnews_single_post":{"subtitle":"Fenerbah\u00e7e Erkek Basketbol Tak\u0131m\u0131m\u0131z\u0131n Ba\u015fantren\u00f6r\u00fc Zeljko Obradovic, tak\u0131m\u0131m\u0131z\u0131n Tahincio\u011flu Basketbol S\u00fcper Ligi\u2019nin 15. hafta m\u00fccadelesinde Adat\u0131p Sakarya B\u015eB tak\u0131m\u0131na kar\u015f\u0131 galip geldi\u011fi m\u00fccadelenin ard\u0131ndan a\u00e7\u0131klamalarda bulundu.","format":"standard","video":"","gallery":"","source_name":"","source_url":"","via_name":"","via_url":"","override":[{"single_blog_custom":"","sidebar":"","second_sidebar":"","share_position":"","share_float_style":"","post_date_format":"","post_date_format_custom":"","number_popup_post":"1"}],"image_override":[{"single_post_thumbnail_size":"","single_post_gallery_size":""}],"trending_post_position":"","trending_post_label":""},"jnews_primary_category":{"id":"5"},"jnews_social_meta":[],"jnews_override_counter":{"view_counter_number":"0","share_counter_number":"0","like_counter_number":"0","dislike_counter_number":"0"},"footnotes":""},"categories":[5,6,2],"tags":[24,75],"class_list":["post-5389","post","type-post","status-publish","format-standard","has-post-thumbnail","hentry","category-basketbol","category-erkek-basketbol","category-haberler","tag-basketbol","tag-zeljkoobradovic"],"amp_enabled":true,"_links":{"self":[{"href":"https:\/\/www.fener.org\/index.php\/wp-json\/wp\/v2\/posts\/5389","targetHints":{"allow":["GET"]}}],"collection":[{"href":"https:\/\/www.fener.org\/index.php\/wp-json\/wp\/v2\/posts"}],"about":[{"href":"https:\/\/www.fener.org\/index.php\/wp-json\/wp\/v2\/types\/post"}],"author":[{"embeddable":true,"href":"https:\/\/www.fener.org\/index.php\/wp-json\/wp\/v2\/users\/1"}],"replies":[{"embeddable":true,"href":"https:\/\/www.fener.org\/index.php\/wp-json\/wp\/v2\/comments?post=5389"}],"version-history":[{"count":1,"href":"https:\/\/www.fener.org\/index.php\/wp-json\/wp\/v2\/posts\/5389\/revisions"}],"predecessor-version":[{"id":5391,"href":"https:\/\/www.fener.org\/index.php\/wp-json\/wp\/v2\/posts\/5389\/revisions\/5391"}],"wp:featuredmedia":[{"embeddable":true,"href":"https:\/\/www.fener.org\/index.php\/wp-json\/wp\/v2\/media\/5390"}],"wp:attachment":[{"href":"https:\/\/www.fener.org\/index.php\/wp-json\/wp\/v2\/media?parent=5389"}],"wp:term":[{"taxonomy":"category","embeddable":true,"href":"https:\/\/www.fener.org\/index.php\/wp-json\/wp\/v2\/categories?post=5389"},{"taxonomy":"post_tag","embeddable":true,"href":"https:\/\/www.fener.org\/index.php\/wp-json\/wp\/v2\/tags?post=5389"}],"curies":[{"name":"wp","href":"https:\/\/api.w.org\/{rel}","templated":true}]}}