{"id":5314,"date":"2019-01-10T07:05:33","date_gmt":"2019-01-10T04:05:33","guid":{"rendered":"https:\/\/www.fener.org\/?p=5314"},"modified":"2019-01-10T08:38:06","modified_gmt":"2019-01-10T05:38:06","slug":"euroleague-genel-menajerler-anketinde-fenerbahce-damgasi","status":"publish","type":"post","link":"https:\/\/www.fener.org\/index.php\/2019\/01\/10\/euroleague-genel-menajerler-anketinde-fenerbahce-damgasi\/","title":{"rendered":"EuroLeague Genel Menajerler Anketi&#8217;nde Fenerbah\u00e7e damgas\u0131"},"content":{"rendered":"\n<p>Turkish Airlines EuroLeague\u2019de her y\u0131l 16 tak\u0131m\u0131n genel menajerlerine y\u00f6neltilen sorularla d\u00fczenlenen ve Avrupa basketbolunun en prestijli anketlerinden biri olan EuroLeague Genel Menajerler Anketi\u2019nin ilk b\u00f6l\u00fcm\u00fcn\u00fcn sonu\u00e7lar\u0131 a\u00e7\u0131kland\u0131. Fenerbah\u00e7e Beko, bir\u00e7ok alanda anket sonu\u00e7lar\u0131na damgas\u0131n\u0131 vurdu.<\/p>\n\n\n\n<p>Ekibimiz, <strong>\u201cFinal Four\u2019da Yer Almas\u0131 Beklenen Tak\u0131m\u201d<\/strong> kategorisinde b\u00fct\u00fcn genel menajerlerin oyunu alan iki tak\u0131mdan biri oldu. Fenerbah\u00e7e Beko gibi Real Madrid de bu alanda %100 oy al\u0131rken, CSKA Moskova %93.33, Olympiacos ise %80.0 oy ald\u0131.<\/p>\n\n\n\n<p>Tak\u0131m\u0131m\u0131z <strong>\u201cE\u015fle\u015fmesi En Zor Tak\u0131m\u201d<\/strong> kategorisinde de %37.50 ile ilk s\u0131rada yer ald\u0131. Fenerbah\u00e7e Beko\u2019yu %18.75 ile Real Madrid ve Zalgiris Kaunas takip etti.<\/p>\n\n\n\n<div class=\"wp-block-image\"><figure class=\"aligncenter\"><img decoding=\"async\" width=\"700\" height=\"496\" src=\"https:\/\/www.fener.org\/xwebsites\/wp\/fener\/wp-content\/uploads\/2019\/01\/haber_basketbol_eb_FenerbahceEBT_20190109.jpg\" alt=\"Fenerbah\u00e7e Beko\" class=\"wp-image-5317\" srcset=\"https:\/\/www.fener.org\/xwebsites\/wp\/fener\/wp-content\/uploads\/2019\/01\/haber_basketbol_eb_FenerbahceEBT_20190109.jpg 700w, https:\/\/www.fener.org\/xwebsites\/wp\/fener\/wp-content\/uploads\/2019\/01\/haber_basketbol_eb_FenerbahceEBT_20190109-300x213.jpg 300w, https:\/\/www.fener.org\/xwebsites\/wp\/fener\/wp-content\/uploads\/2019\/01\/haber_basketbol_eb_FenerbahceEBT_20190109-120x86.jpg 120w\" sizes=\"(max-width: 700px) 100vw, 700px\" \/><\/figure><\/div>\n\n\n\n<p>Fenerbah\u00e7e Beko <strong>\u201c\u0130zlemesi En Keyifli Tak\u0131m\u201d<\/strong> ba\u015fl\u0131\u011f\u0131nda da ilk s\u0131ray\u0131 Real Madrid ile payla\u015ft\u0131. Her iki tak\u0131m da %25.0 oy al\u0131rken, \u00fc\u00e7\u00fcnc\u00fc s\u0131rada ise %18.75 ile Olimpia Milan yer ald\u0131.<\/p>\n\n\n\n<p>Fenerbah\u00e7e Beko Ba\u015f Antren\u00f6r\u00fc Zeljko Obradovic <strong>\u201cEn \u0130yi Antren\u00f6r\u201d<\/strong> b\u00f6l\u00fcm\u00fcnde, oylar\u0131n %62,5\u2019ini alarak ilk s\u0131rada yer ald\u0131. Obradovic\u2019i %18.75 ile David Blatt, %12.5 ile Pablo Laso izledi.<\/p>\n","protected":false},"excerpt":{"rendered":"<p>Turkish Airlines EuroLeague\u2019de her y\u0131l 16 tak\u0131m\u0131n genel menajerlerine y\u00f6neltilen sorularla d\u00fczenlenen ve Avrupa basketbolunun en prestijli anketlerinden biri olan EuroLeague Genel Menajerler Anketi\u2019nin ilk b\u00f6l\u00fcm\u00fcn\u00fcn sonu\u00e7lar\u0131 a\u00e7\u0131kland\u0131. Fenerbah\u00e7e Beko, bir\u00e7ok alanda anket sonu\u00e7lar\u0131na damgas\u0131n\u0131 vurdu. Ekibimiz, \u201cFinal Four\u2019da Yer Almas\u0131 Beklenen Tak\u0131m\u201d kategorisinde b\u00fct\u00fcn genel menajerlerin oyunu alan iki tak\u0131mdan biri oldu. Fenerbah\u00e7e Beko [&hellip;]<\/p>\n","protected":false},"author":1,"featured_media":5315,"comment_status":"closed","ping_status":"closed","sticky":false,"template":"","format":"standard","meta":{"jnews-multi-image_gallery":[],"jnews_single_post":{"subtitle":"Avrupa basketbolunun en prestijli anketlerinden biri olan EuroLeague Genel Menajerler Anketi\u2019nin ilk b\u00f6l\u00fcm\u00fcn\u00fcn sonu\u00e7lar\u0131 a\u00e7\u0131kland\u0131. Tak\u0131m\u0131m\u0131z bir\u00e7ok alanda anket sonu\u00e7lar\u0131nda y\u00fcksek oy ald\u0131.","format":"standard","video":"","gallery":"","source_name":"","source_url":"","via_name":"","via_url":"","override":[{"single_blog_custom":"","sidebar":"","second_sidebar":"","share_position":"","share_float_style":"","post_date_format":"","post_date_format_custom":"","number_popup_post":"1"}],"image_override":[{"single_post_thumbnail_size":"","single_post_gallery_size":""}],"trending_post_position":"","trending_post_label":""},"jnews_primary_category":{"id":"5"},"jnews_social_meta":[],"jnews_override_counter":{"view_counter_number":"0","share_counter_number":"0","like_counter_number":"0","dislike_counter_number":"0"},"footnotes":""},"categories":[5,6,2],"tags":[74,23],"class_list":["post-5314","post","type-post","status-publish","format-standard","has-post-thumbnail","hentry","category-basketbol","category-erkek-basketbol","category-haberler","tag-euroleague","tag-fenerbahce"],"amp_enabled":true,"_links":{"self":[{"href":"https:\/\/www.fener.org\/index.php\/wp-json\/wp\/v2\/posts\/5314","targetHints":{"allow":["GET"]}}],"collection":[{"href":"https:\/\/www.fener.org\/index.php\/wp-json\/wp\/v2\/posts"}],"about":[{"href":"https:\/\/www.fener.org\/index.php\/wp-json\/wp\/v2\/types\/post"}],"author":[{"embeddable":true,"href":"https:\/\/www.fener.org\/index.php\/wp-json\/wp\/v2\/users\/1"}],"replies":[{"embeddable":true,"href":"https:\/\/www.fener.org\/index.php\/wp-json\/wp\/v2\/comments?post=5314"}],"version-history":[{"count":3,"href":"https:\/\/www.fener.org\/index.php\/wp-json\/wp\/v2\/posts\/5314\/revisions"}],"predecessor-version":[{"id":5319,"href":"https:\/\/www.fener.org\/index.php\/wp-json\/wp\/v2\/posts\/5314\/revisions\/5319"}],"wp:featuredmedia":[{"embeddable":true,"href":"https:\/\/www.fener.org\/index.php\/wp-json\/wp\/v2\/media\/5315"}],"wp:attachment":[{"href":"https:\/\/www.fener.org\/index.php\/wp-json\/wp\/v2\/media?parent=5314"}],"wp:term":[{"taxonomy":"category","embeddable":true,"href":"https:\/\/www.fener.org\/index.php\/wp-json\/wp\/v2\/categories?post=5314"},{"taxonomy":"post_tag","embeddable":true,"href":"https:\/\/www.fener.org\/index.php\/wp-json\/wp\/v2\/tags?post=5314"}],"curies":[{"name":"wp","href":"https:\/\/api.w.org\/{rel}","templated":true}]}}