{"id":5286,"date":"2019-01-09T10:46:09","date_gmt":"2019-01-09T07:46:09","guid":{"rendered":"https:\/\/www.fener.org\/?p=5286"},"modified":"2021-07-27T10:20:16","modified_gmt":"2021-07-27T07:20:16","slug":"zeljko-obradovic-savasma-seklimizden-cok-memnunum","status":"publish","type":"post","link":"https:\/\/www.fener.org\/index.php\/2019\/01\/09\/zeljko-obradovic-savasma-seklimizden-cok-memnunum\/","title":{"rendered":"Zeljko Obradovic: Sava\u015fma \u015feklimizden \u00e7ok memnunum"},"content":{"rendered":"\n<p>Tak\u0131m\u0131n son ana kadar sava\u015fmas\u0131ndan \u00e7ok memnun oldu\u011funu dile getiren Obradovic, \u00e7al\u0131\u015f\u0131p baz\u0131 \u015feyleri d\u00fczeltmek i\u00e7in zaman yaratmalar\u0131 gerekti\u011fini belirterek \u015funlar\u0131 s\u00f6yledi:<\/p>\n\n\n\n<blockquote class=\"wp-block-quote is-layout-flow wp-block-quote-is-layout-flow\"><p>\u201cUzatmaya giden bir ma\u00e7t\u0131 ve bizim de kazanma ihtimalimiz vard\u0131. Ama bu basketbol. Onlar iki biz de bir serbest at\u0131\u015f ka\u00e7\u0131rd\u0131k ve ma\u00e7 uzatmaya gitti. Ben felsefe olarak hi\u00e7bir zaman son dakikada olan \u015feylere bakmam \u00e7\u00fcnk\u00fc ma\u00e7\u0131 kazanmak i\u00e7in 40 dakika var. Tamamen bekledi\u011fimiz gibi bir ma\u00e7t\u0131. Savunmada bekledi\u011fimiz gibi oynad\u0131lar. Biz de hem toplu hem de topsuz \u00e7ok yava\u015f oynad\u0131k. Ma\u00e7 da bu \u015fekilde uzatmaya gitti. Daha fazla oyuncunun katk\u0131s\u0131na ihtiyac\u0131m\u0131z oldu\u011fu \u00e7ok net \u00e7\u00fcnk\u00fc bu programda kolay olmuyor. Ama sonuna kadar devam eden sava\u015fma \u015feklimizden \u00e7ok memnunum. \u00d6n\u00fcm\u00fczde \u00e7al\u0131\u015f\u0131p baz\u0131 \u015feyleri d\u00fczeltmek i\u00e7in zaman yaratmam\u0131z gerekiyor. \u015eu anda bir d\u00f6nemdeyiz. Bu hafta ba\u015fka ma\u00e7lar\u0131m\u0131z oldu\u011fu i\u00e7in yapam\u0131yoruz ama \u00f6n\u00fcm\u00fczdeki hafta yapaca\u011f\u0131z.\u201d<\/p><\/blockquote>\n","protected":false},"excerpt":{"rendered":"<p>Tak\u0131m\u0131n son ana kadar sava\u015fmas\u0131ndan \u00e7ok memnun oldu\u011funu dile getiren Obradovic, \u00e7al\u0131\u015f\u0131p baz\u0131 \u015feyleri d\u00fczeltmek i\u00e7in zaman yaratmalar\u0131 gerekti\u011fini belirterek \u015funlar\u0131 s\u00f6yledi: \u201cUzatmaya giden bir ma\u00e7t\u0131 ve bizim de kazanma ihtimalimiz vard\u0131. Ama bu basketbol. Onlar iki biz de bir serbest at\u0131\u015f ka\u00e7\u0131rd\u0131k ve ma\u00e7 uzatmaya gitti. Ben felsefe olarak hi\u00e7bir zaman son dakikada olan [&hellip;]<\/p>\n","protected":false},"author":1,"featured_media":5287,"comment_status":"closed","ping_status":"closed","sticky":false,"template":"","format":"standard","meta":{"jnews-multi-image_gallery":[],"jnews_single_post":{"subtitle":"Ba\u015fantren\u00f6r\u00fcm\u00fcz Zeljko Obradovic, Khimki Moskova kar\u015f\u0131la\u015fmas\u0131n\u0131n ard\u0131ndan FB TV'ye a\u00e7\u0131klamalarda bulundu.","format":"standard","video":"","gallery":"","source_name":"","source_url":"","via_name":"","via_url":"","override":[{"single_blog_custom":"","sidebar":"","second_sidebar":"","share_position":"","share_float_style":"","post_date_format":"","post_date_format_custom":"","post_reading_time_wpm":"","zoom_button_out_step":"1","zoom_button_in_step":"1","number_popup_post":"1"}],"image_override":[{"single_post_thumbnail_size":"","single_post_gallery_size":""}],"trending_post_position":"","trending_post_label":"","sponsored_post_label":"","sponsored_post_name":"","sponsored_post_url":"","sponsored_post_logo":"","sponsored_post_desc":""},"jnews_primary_category":{"id":"5"},"jnews_social_meta":{"fb_title":"","fb_description":"","fb_image":"","twitter_title":"","twitter_description":"","twitter_image":""},"jnews_override_counter":{"view_counter_number":"0","share_counter_number":"0","like_counter_number":"0","dislike_counter_number":"0"},"footnotes":""},"categories":[5,6,2],"tags":[74,79,75],"class_list":["post-5286","post","type-post","status-publish","format-standard","has-post-thumbnail","hentry","category-basketbol","category-erkek-basketbol","category-haberler","tag-euroleague","tag-neverenough","tag-zeljkoobradovic"],"amp_enabled":true,"_links":{"self":[{"href":"https:\/\/www.fener.org\/index.php\/wp-json\/wp\/v2\/posts\/5286","targetHints":{"allow":["GET"]}}],"collection":[{"href":"https:\/\/www.fener.org\/index.php\/wp-json\/wp\/v2\/posts"}],"about":[{"href":"https:\/\/www.fener.org\/index.php\/wp-json\/wp\/v2\/types\/post"}],"author":[{"embeddable":true,"href":"https:\/\/www.fener.org\/index.php\/wp-json\/wp\/v2\/users\/1"}],"replies":[{"embeddable":true,"href":"https:\/\/www.fener.org\/index.php\/wp-json\/wp\/v2\/comments?post=5286"}],"version-history":[{"count":1,"href":"https:\/\/www.fener.org\/index.php\/wp-json\/wp\/v2\/posts\/5286\/revisions"}],"predecessor-version":[{"id":5288,"href":"https:\/\/www.fener.org\/index.php\/wp-json\/wp\/v2\/posts\/5286\/revisions\/5288"}],"wp:featuredmedia":[{"embeddable":true,"href":"https:\/\/www.fener.org\/index.php\/wp-json\/wp\/v2\/media\/5287"}],"wp:attachment":[{"href":"https:\/\/www.fener.org\/index.php\/wp-json\/wp\/v2\/media?parent=5286"}],"wp:term":[{"taxonomy":"category","embeddable":true,"href":"https:\/\/www.fener.org\/index.php\/wp-json\/wp\/v2\/categories?post=5286"},{"taxonomy":"post_tag","embeddable":true,"href":"https:\/\/www.fener.org\/index.php\/wp-json\/wp\/v2\/tags?post=5286"}],"curies":[{"name":"wp","href":"https:\/\/api.w.org\/{rel}","templated":true}]}}