{"id":5282,"date":"2019-01-09T09:35:00","date_gmt":"2019-01-09T06:35:00","guid":{"rendered":"https:\/\/www.fener.org\/?p=5282"},"modified":"2019-01-09T09:35:15","modified_gmt":"2019-01-09T06:35:15","slug":"potanin-kraliceleri-olympiakos-karsisinda","status":"publish","type":"post","link":"https:\/\/www.fener.org\/index.php\/2019\/01\/09\/potanin-kraliceleri-olympiakos-karsisinda\/","title":{"rendered":"Potan\u0131n Krali\u00e7eleri Olympiakos kar\u015f\u0131s\u0131nda"},"content":{"rendered":"\n<p>Potan\u0131n Krali\u00e7eleri, Kad\u0131nlar Euroleague B Grubu 8. hafta ma\u00e7\u0131nda Olympiakos ile bug\u00fcn (9 Ocak \u00c7ar\u015famba g\u00fcn\u00fc) Metro Enerji Salonu\u2019nda kar\u015f\u0131 kar\u015f\u0131ya gelecek. M\u00fccadele saat 19.30\u2019da ba\u015flayacak ve FB TV&#8217;den canl\u0131 olarak ekranlara gelecek.<\/p>\n\n\n\n<p>Tak\u0131m\u0131m\u0131z, Euroleague B Grubu ilk ma\u00e7\u0131nda Olimpiakos ile deplasmanda kar\u015f\u0131la\u015fm\u0131\u015f ve m\u00fccadeleyi 9 say\u0131 farkla 63-54 kazanmay\u0131 ba\u015farm\u0131\u015ft\u0131. Kad\u0131nlar EuroLeague&#8217;de son hafta kar\u015f\u0131la\u015fmas\u0131nda Carolo Basket\u2019i a\u011f\u0131rlayan Ekibimiz, m\u00fccadeleden 84-75 galip ayr\u0131lmay\u0131 ba\u015farm\u0131\u015ft\u0131.<\/p>\n\n\n\n<div class=\"wp-block-image\"><figure class=\"aligncenter\"><img decoding=\"async\" width=\"700\" height=\"448\" src=\"https:\/\/www.fener.org\/xwebsites\/wp\/fener\/wp-content\/uploads\/2019\/01\/haber_basketbol_kb_Fenerbahce-Olympiakos-wel_20190109.jpg\" alt=\"Potan\u0131n Krali\u00e7eleri Olympiakos'ile m\u00fccadele edecek\" class=\"wp-image-5284\" srcset=\"https:\/\/www.fener.org\/xwebsites\/wp\/fener\/wp-content\/uploads\/2019\/01\/haber_basketbol_kb_Fenerbahce-Olympiakos-wel_20190109.jpg 700w, https:\/\/www.fener.org\/xwebsites\/wp\/fener\/wp-content\/uploads\/2019\/01\/haber_basketbol_kb_Fenerbahce-Olympiakos-wel_20190109-300x192.jpg 300w\" sizes=\"(max-width: 700px) 100vw, 700px\" \/><\/figure><\/div>\n\n\n\n<p>Son s\u0131rada bulunun Yunan Temsilcisi ise EuroLeague B Grubu\u2019nda \u00e7\u0131kt\u0131\u011f\u0131 7 kar\u015f\u0131la\u015fmadan da ma\u011flubiyetle ayr\u0131ld\u0131. <\/p>\n\n\n\n<p>Fenerbah\u00e7e, Kad\u0131nlar Euroleague B Grubu&#8217;nda 11 puanla be\u015finci s\u0131rada yer al\u0131yor.<\/p>\n","protected":false},"excerpt":{"rendered":"<p>Potan\u0131n Krali\u00e7eleri, Kad\u0131nlar Euroleague B Grubu 8. hafta ma\u00e7\u0131nda Olympiakos ile bug\u00fcn (9 Ocak \u00c7ar\u015famba g\u00fcn\u00fc) Metro Enerji Salonu\u2019nda kar\u015f\u0131 kar\u015f\u0131ya gelecek. M\u00fccadele saat 19.30\u2019da ba\u015flayacak ve FB TV&#8217;den canl\u0131 olarak ekranlara gelecek. Tak\u0131m\u0131m\u0131z, Euroleague B Grubu ilk ma\u00e7\u0131nda Olimpiakos ile deplasmanda kar\u015f\u0131la\u015fm\u0131\u015f ve m\u00fccadeleyi 9 say\u0131 farkla 63-54 kazanmay\u0131 ba\u015farm\u0131\u015ft\u0131. Kad\u0131nlar EuroLeague&#8217;de son hafta [&hellip;]<\/p>\n","protected":false},"author":1,"featured_media":5283,"comment_status":"closed","ping_status":"closed","sticky":false,"template":"","format":"standard","meta":{"jnews-multi-image_gallery":[],"jnews_single_post":{"subtitle":"Fenerbah\u00e7e Kad\u0131n Basketbol Tak\u0131m\u0131m\u0131z, Kad\u0131nlar Euroleague B Grubu 8. hafta ma\u00e7\u0131nda Olympiakos\u2019u ile kendi sahas\u0131nda m\u00fccadele edecek.","format":"standard","video":"","gallery":"","source_name":"","source_url":"","via_name":"","via_url":"","override":[{"single_blog_custom":"","sidebar":"","second_sidebar":"","share_position":"","share_float_style":"","post_date_format":"","post_date_format_custom":"","number_popup_post":"1"}],"image_override":[{"single_post_thumbnail_size":"","single_post_gallery_size":""}],"trending_post_position":"","trending_post_label":""},"jnews_primary_category":{"id":"5"},"jnews_social_meta":[],"jnews_override_counter":{"view_counter_number":"0","share_counter_number":"0","like_counter_number":"0","dislike_counter_number":"0"},"footnotes":""},"categories":[5,2,7],"tags":[24,70,23],"class_list":["post-5282","post","type-post","status-publish","format-standard","has-post-thumbnail","hentry","category-basketbol","category-haberler","category-kadin-basketbol","tag-basketbol","tag-euroleaguewomen","tag-fenerbahce"],"amp_enabled":true,"_links":{"self":[{"href":"https:\/\/www.fener.org\/index.php\/wp-json\/wp\/v2\/posts\/5282","targetHints":{"allow":["GET"]}}],"collection":[{"href":"https:\/\/www.fener.org\/index.php\/wp-json\/wp\/v2\/posts"}],"about":[{"href":"https:\/\/www.fener.org\/index.php\/wp-json\/wp\/v2\/types\/post"}],"author":[{"embeddable":true,"href":"https:\/\/www.fener.org\/index.php\/wp-json\/wp\/v2\/users\/1"}],"replies":[{"embeddable":true,"href":"https:\/\/www.fener.org\/index.php\/wp-json\/wp\/v2\/comments?post=5282"}],"version-history":[{"count":1,"href":"https:\/\/www.fener.org\/index.php\/wp-json\/wp\/v2\/posts\/5282\/revisions"}],"predecessor-version":[{"id":5285,"href":"https:\/\/www.fener.org\/index.php\/wp-json\/wp\/v2\/posts\/5282\/revisions\/5285"}],"wp:featuredmedia":[{"embeddable":true,"href":"https:\/\/www.fener.org\/index.php\/wp-json\/wp\/v2\/media\/5283"}],"wp:attachment":[{"href":"https:\/\/www.fener.org\/index.php\/wp-json\/wp\/v2\/media?parent=5282"}],"wp:term":[{"taxonomy":"category","embeddable":true,"href":"https:\/\/www.fener.org\/index.php\/wp-json\/wp\/v2\/categories?post=5282"},{"taxonomy":"post_tag","embeddable":true,"href":"https:\/\/www.fener.org\/index.php\/wp-json\/wp\/v2\/tags?post=5282"}],"curies":[{"name":"wp","href":"https:\/\/api.w.org\/{rel}","templated":true}]}}