{"id":5269,"date":"2019-01-08T11:51:42","date_gmt":"2019-01-08T08:51:42","guid":{"rendered":"https:\/\/www.fener.org\/?p=5269"},"modified":"2019-01-08T11:51:49","modified_gmt":"2019-01-08T08:51:49","slug":"bartzokas-mucadele-edecegiz","status":"publish","type":"post","link":"https:\/\/www.fener.org\/index.php\/2019\/01\/08\/bartzokas-mucadele-edecegiz\/","title":{"rendered":"Bartzokas: M\u00fccadele edece\u011fiz"},"content":{"rendered":"\n<p>Bartzokas, Fenerbah\u00e7e ile sahalar\u0131nda oynayacaklar\u0131 m\u00fccadelesi \u00f6ncesi \u015fu de\u011ferlendirmelerde bulundu:<\/p>\n\n\n\n<blockquote class=\"wp-block-quote is-layout-flow wp-block-quote-is-layout-flow\"><p>\u201cS\u00f6yleyecek \u00e7ok bir \u015fey yok. Uzun bir s\u00fcredir yenilgisiz bir tak\u0131mdan s\u00f6z ediyoruz. Formlar\u0131 \u00e7ok y\u00fcksek. Muhtemelen EuroLeague\u2019deki en sert rakip onlar ama biz de Gran Canaria\u2019yla oynad\u0131\u011f\u0131m\u0131z son ma\u00e7ta iyi bir ilerleme kaydettik. O ma\u00e7taki felsefeyle oynamal\u0131 ve \u00f6zg\u00fcvenle beraber kalmal\u0131y\u0131z. 40 dakika b\u00f6yle oynamal\u0131y\u0131z. M\u00fccadele edece\u011fiz, bu EuroLeague\u2019in en iyi tak\u0131m\u0131 kar\u015f\u0131s\u0131nda \u00e7ok \u00f6nemli.\u201d<\/p><\/blockquote>\n","protected":false},"excerpt":{"rendered":"<p>Bartzokas, Fenerbah\u00e7e ile sahalar\u0131nda oynayacaklar\u0131 m\u00fccadelesi \u00f6ncesi \u015fu de\u011ferlendirmelerde bulundu: \u201cS\u00f6yleyecek \u00e7ok bir \u015fey yok. Uzun bir s\u00fcredir yenilgisiz bir tak\u0131mdan s\u00f6z ediyoruz. Formlar\u0131 \u00e7ok y\u00fcksek. Muhtemelen EuroLeague\u2019deki en sert rakip onlar ama biz de Gran Canaria\u2019yla oynad\u0131\u011f\u0131m\u0131z son ma\u00e7ta iyi bir ilerleme kaydettik. O ma\u00e7taki felsefeyle oynamal\u0131 ve \u00f6zg\u00fcvenle beraber kalmal\u0131y\u0131z. 40 dakika b\u00f6yle [&hellip;]<\/p>\n","protected":false},"author":1,"featured_media":5270,"comment_status":"closed","ping_status":"closed","sticky":false,"template":"","format":"standard","meta":{"jnews-multi-image_gallery":[],"jnews_single_post":{"subtitle":"Khimki Moskova Ba\u015fantren\u00f6r\u00fc Giorgios Bartzokas, Fenerbah\u00e7e Beko s\u0131nav\u0131 \u00f6ncesinde ekibimiz ve tak\u0131m\u0131n\u0131n ma\u00e7a bak\u0131\u015f\u0131n\u0131 de\u011ferlendirdi.","format":"standard","video":"","gallery":"","source_name":"","source_url":"","via_name":"","via_url":"","override":[{"single_blog_custom":"","sidebar":"","second_sidebar":"","share_position":"","share_float_style":"","post_date_format":"","post_date_format_custom":"","number_popup_post":"1"}],"image_override":[{"single_post_thumbnail_size":"","single_post_gallery_size":""}],"trending_post_position":"","trending_post_label":""},"jnews_primary_category":{"id":"5"},"jnews_social_meta":[],"jnews_override_counter":{"view_counter_number":"0","share_counter_number":"0","like_counter_number":"0","dislike_counter_number":"0"},"footnotes":""},"categories":[5,6,2],"tags":[74,23],"class_list":["post-5269","post","type-post","status-publish","format-standard","has-post-thumbnail","hentry","category-basketbol","category-erkek-basketbol","category-haberler","tag-euroleague","tag-fenerbahce"],"amp_enabled":true,"_links":{"self":[{"href":"https:\/\/www.fener.org\/index.php\/wp-json\/wp\/v2\/posts\/5269","targetHints":{"allow":["GET"]}}],"collection":[{"href":"https:\/\/www.fener.org\/index.php\/wp-json\/wp\/v2\/posts"}],"about":[{"href":"https:\/\/www.fener.org\/index.php\/wp-json\/wp\/v2\/types\/post"}],"author":[{"embeddable":true,"href":"https:\/\/www.fener.org\/index.php\/wp-json\/wp\/v2\/users\/1"}],"replies":[{"embeddable":true,"href":"https:\/\/www.fener.org\/index.php\/wp-json\/wp\/v2\/comments?post=5269"}],"version-history":[{"count":1,"href":"https:\/\/www.fener.org\/index.php\/wp-json\/wp\/v2\/posts\/5269\/revisions"}],"predecessor-version":[{"id":5271,"href":"https:\/\/www.fener.org\/index.php\/wp-json\/wp\/v2\/posts\/5269\/revisions\/5271"}],"wp:featuredmedia":[{"embeddable":true,"href":"https:\/\/www.fener.org\/index.php\/wp-json\/wp\/v2\/media\/5270"}],"wp:attachment":[{"href":"https:\/\/www.fener.org\/index.php\/wp-json\/wp\/v2\/media?parent=5269"}],"wp:term":[{"taxonomy":"category","embeddable":true,"href":"https:\/\/www.fener.org\/index.php\/wp-json\/wp\/v2\/categories?post=5269"},{"taxonomy":"post_tag","embeddable":true,"href":"https:\/\/www.fener.org\/index.php\/wp-json\/wp\/v2\/tags?post=5269"}],"curies":[{"name":"wp","href":"https:\/\/api.w.org\/{rel}","templated":true}]}}