{"id":5169,"date":"2019-01-05T16:40:46","date_gmt":"2019-01-05T13:40:46","guid":{"rendered":"https:\/\/www.fener.org\/?p=5169"},"modified":"2021-07-27T10:19:54","modified_gmt":"2021-07-27T07:19:54","slug":"u18-fenerbahce-58-62-basket-almeda","status":"publish","type":"post","link":"https:\/\/www.fener.org\/index.php\/2019\/01\/05\/u18-fenerbahce-58-62-basket-almeda\/","title":{"rendered":"U18: Fenerbah\u00e7e 58-62 Basket Almeda"},"content":{"rendered":"\n<p>WIT Nacex U18 K\u0131zlar Basketbol Turnuvas\u0131\u2019nda m\u00fccadele eden Fenerbah\u00e7e U18 Gen\u00e7 K\u0131z Basketbol Tak\u0131m\u0131m\u0131z \u00e7eyrek final ma\u00e7\u0131nda turnuvan\u0131n ev sahibi Basket Almeda ile kar\u015f\u0131la\u015ft\u0131\u011f\u0131 m\u00fccadeleden ma\u011flubiyetle ayr\u0131ld\u0131.<\/p>\n\n\n\n<p>Tak\u0131m\u0131m\u0131z b\u00fcy\u00fck \u00e7eki\u015fmeye sahne olan ma\u00e7\u0131 62-58\u2019lik skorla kaybetti. Ekibimiz turnuvan\u0131n kalan 2 ma\u00e7\u0131nda 5.\u2019lik-8.\u2019lik i\u00e7in klasman ma\u00e7lar\u0131 oynayacak.<\/p>\n\n\n\n<p><strong>Fenerbah\u00e7e (58): <\/strong>\u015eevval G\u00fcl 9, Do\u011fa Ad\u0131can 16, I\u015f\u0131k Demirbacak, Duygu \u00d6zen 9, \u0130dil Sa\u00e7al\u0131r 6, Suzan K\u0131nran, Melike  G\u00fcl Duru 10, Yasmin \u015eenyuva, Erika Mokan, Sahra Gen\u00e7 2, Ay\u015fe Y\u0131lmaz 6, Dilara Kalyoncu<\/p>\n","protected":false},"excerpt":{"rendered":"<p>WIT Nacex U18 K\u0131zlar Basketbol Turnuvas\u0131\u2019nda m\u00fccadele eden Fenerbah\u00e7e U18 Gen\u00e7 K\u0131z Basketbol Tak\u0131m\u0131m\u0131z \u00e7eyrek final ma\u00e7\u0131nda turnuvan\u0131n ev sahibi Basket Almeda ile kar\u015f\u0131la\u015ft\u0131\u011f\u0131 m\u00fccadeleden ma\u011flubiyetle ayr\u0131ld\u0131. Tak\u0131m\u0131m\u0131z b\u00fcy\u00fck \u00e7eki\u015fmeye sahne olan ma\u00e7\u0131 62-58\u2019lik skorla kaybetti. Ekibimiz turnuvan\u0131n kalan 2 ma\u00e7\u0131nda 5.\u2019lik-8.\u2019lik i\u00e7in klasman ma\u00e7lar\u0131 oynayacak. Fenerbah\u00e7e (58): \u015eevval G\u00fcl 9, Do\u011fa Ad\u0131can 16, I\u015f\u0131k [&hellip;]<\/p>\n","protected":false},"author":1,"featured_media":1280,"comment_status":"closed","ping_status":"closed","sticky":false,"template":"","format":"standard","meta":{"jnews-multi-image_gallery":[],"jnews_single_post":{"subtitle":"\u0130spanya\u2019n\u0131n Barcelona \u015fehrinde d\u00fczenlenen WIT Nacex U18 K\u0131zlar Basketbol Turnuvas\u0131\u2019nda m\u00fccadele eden Fenerbah\u00e7e U18 Gen\u00e7 K\u0131z Basketbol Tak\u0131m\u0131m\u0131z \u00e7eyrek final ma\u00e7\u0131ndan ma\u011flubiyetle ayr\u0131ld\u0131.","format":"standard","video":"","gallery":"","source_name":"","source_url":"","via_name":"","via_url":"","override":[{"single_blog_custom":"","sidebar":"","second_sidebar":"","share_position":"","share_float_style":"","post_date_format":"","post_date_format_custom":"","post_reading_time_wpm":"","zoom_button_out_step":"1","zoom_button_in_step":"1","number_popup_post":"1"}],"image_override":[{"single_post_thumbnail_size":"","single_post_gallery_size":""}],"trending_post_position":"","trending_post_label":"","sponsored_post_label":"","sponsored_post_name":"","sponsored_post_url":"","sponsored_post_logo":"","sponsored_post_desc":""},"jnews_primary_category":{"id":"5"},"jnews_social_meta":{"fb_title":"","fb_description":"","fb_image":"","twitter_title":"","twitter_description":"","twitter_image":""},"jnews_override_counter":{"view_counter_number":"0","share_counter_number":"0","like_counter_number":"0","dislike_counter_number":"0"},"footnotes":""},"categories":[5,2,46],"tags":[24,23],"class_list":["post-5169","post","type-post","status-publish","format-standard","has-post-thumbnail","hentry","category-basketbol","category-haberler","category-kadin-basketbol-altyapi","tag-basketbol","tag-fenerbahce"],"amp_enabled":true,"_links":{"self":[{"href":"https:\/\/www.fener.org\/index.php\/wp-json\/wp\/v2\/posts\/5169","targetHints":{"allow":["GET"]}}],"collection":[{"href":"https:\/\/www.fener.org\/index.php\/wp-json\/wp\/v2\/posts"}],"about":[{"href":"https:\/\/www.fener.org\/index.php\/wp-json\/wp\/v2\/types\/post"}],"author":[{"embeddable":true,"href":"https:\/\/www.fener.org\/index.php\/wp-json\/wp\/v2\/users\/1"}],"replies":[{"embeddable":true,"href":"https:\/\/www.fener.org\/index.php\/wp-json\/wp\/v2\/comments?post=5169"}],"version-history":[{"count":1,"href":"https:\/\/www.fener.org\/index.php\/wp-json\/wp\/v2\/posts\/5169\/revisions"}],"predecessor-version":[{"id":5170,"href":"https:\/\/www.fener.org\/index.php\/wp-json\/wp\/v2\/posts\/5169\/revisions\/5170"}],"wp:featuredmedia":[{"embeddable":true,"href":"https:\/\/www.fener.org\/index.php\/wp-json\/wp\/v2\/media\/1280"}],"wp:attachment":[{"href":"https:\/\/www.fener.org\/index.php\/wp-json\/wp\/v2\/media?parent=5169"}],"wp:term":[{"taxonomy":"category","embeddable":true,"href":"https:\/\/www.fener.org\/index.php\/wp-json\/wp\/v2\/categories?post=5169"},{"taxonomy":"post_tag","embeddable":true,"href":"https:\/\/www.fener.org\/index.php\/wp-json\/wp\/v2\/tags?post=5169"}],"curies":[{"name":"wp","href":"https:\/\/api.w.org\/{rel}","templated":true}]}}