{"id":5139,"date":"2019-01-04T10:16:33","date_gmt":"2019-01-04T07:16:33","guid":{"rendered":"https:\/\/www.fener.org\/?p=5139"},"modified":"2019-01-04T10:16:39","modified_gmt":"2019-01-04T07:16:39","slug":"obradovic-yeni-yilda-yeni-duygularla-bu-maca-cikacagiz","status":"publish","type":"post","link":"https:\/\/www.fener.org\/index.php\/2019\/01\/04\/obradovic-yeni-yilda-yeni-duygularla-bu-maca-cikacagiz\/","title":{"rendered":"Obradovic: Yeni y\u0131lda yeni duygularla bu ma\u00e7a \u00e7\u0131kaca\u011f\u0131z"},"content":{"rendered":"\n<p>Kul\u00fcb\u00fcm\u00fcz\u00fcn resmi internet sitesine a\u00e7\u0131klamalarda bulunan Obradobic, taraftarlar\u0131m\u0131z\u0131 ma\u00e7a \u00e7a\u011f\u0131rd\u0131\u011f\u0131 konu\u015fmas\u0131nda \u015funlar\u0131 s\u00f6yledi:<\/p>\n\n\n\n<blockquote class=\"wp-block-quote is-layout-flow wp-block-quote-is-layout-flow\"><p>&#8220;Yeni y\u0131lda yeni duygularla bu ma\u00e7a \u00e7\u0131kaca\u011f\u0131z. Her zaman oldu\u011fu gibi, EuroLeague\u2019de hi\u00e7bir ma\u00e7\u0131n kolay olmad\u0131\u011f\u0131n\u0131 bilerek ikinci yar\u0131n\u0131n ilk m\u00fccadelesini oynayaca\u011f\u0131z. Rakibimize b\u00fcy\u00fck sayg\u0131 duyuyoruz. Ge\u00e7ti\u011fimiz y\u0131l onlarla Playoff\u2019ta kar\u015f\u0131la\u015fm\u0131\u015ft\u0131k, bu nedenle ne kadar kaliteli bir ekip olduklar\u0131n\u0131 biliyoruz. Baskonia, birka\u00e7 \u00f6nemli oyuncusundan yoksun olsa da mutlaka reaksiyon g\u00f6sterecek ve her kar\u015f\u0131la\u015fmada oldu\u011fu gibi sava\u015facakt\u0131r. Buradan taraftarlar\u0131m\u0131za, bir kez daha galibiyet i\u00e7in m\u00fccadele edecek tak\u0131m\u0131m\u0131z\u0131 desteklemeleri ad\u0131na \u00e7a\u011fr\u0131 yapmak istiyorum.&#8221;<\/p><\/blockquote>\n","protected":false},"excerpt":{"rendered":"<p>Kul\u00fcb\u00fcm\u00fcz\u00fcn resmi internet sitesine a\u00e7\u0131klamalarda bulunan Obradobic, taraftarlar\u0131m\u0131z\u0131 ma\u00e7a \u00e7a\u011f\u0131rd\u0131\u011f\u0131 konu\u015fmas\u0131nda \u015funlar\u0131 s\u00f6yledi: &#8220;Yeni y\u0131lda yeni duygularla bu ma\u00e7a \u00e7\u0131kaca\u011f\u0131z. Her zaman oldu\u011fu gibi, EuroLeague\u2019de hi\u00e7bir ma\u00e7\u0131n kolay olmad\u0131\u011f\u0131n\u0131 bilerek ikinci yar\u0131n\u0131n ilk m\u00fccadelesini oynayaca\u011f\u0131z. Rakibimize b\u00fcy\u00fck sayg\u0131 duyuyoruz. Ge\u00e7ti\u011fimiz y\u0131l onlarla Playoff\u2019ta kar\u015f\u0131la\u015fm\u0131\u015ft\u0131k, bu nedenle ne kadar kaliteli bir ekip olduklar\u0131n\u0131 biliyoruz. Baskonia, birka\u00e7 [&hellip;]<\/p>\n","protected":false},"author":1,"featured_media":3344,"comment_status":"closed","ping_status":"closed","sticky":false,"template":"","format":"standard","meta":{"jnews-multi-image_gallery":[],"jnews_single_post":{"subtitle":"Ba\u015fantren\u00f6r\u00fcm\u00fcz Zeljko Obradovic, Fenerbah\u00e7e Erkek Basketbol Tak\u0131m\u0131m\u0131z\u0131n Turkish Airlines EuroLeague 16. hafta ma\u00e7\u0131nda Kirolbet Baskonia ile oynayaca\u011f\u0131 ma\u00e7 \u00f6ncesi a\u00e7\u0131klamalarda bulundu.","format":"standard","video":"","gallery":"","source_name":"","source_url":"","via_name":"","via_url":"","override":[{"single_blog_custom":"","sidebar":"","second_sidebar":"","share_position":"","share_float_style":"","post_date_format":"","post_date_format_custom":"","number_popup_post":"1"}],"image_override":[{"single_post_thumbnail_size":"","single_post_gallery_size":""}],"trending_post_position":"","trending_post_label":""},"jnews_primary_category":{"id":"5"},"jnews_social_meta":[],"jnews_override_counter":{"view_counter_number":"0","share_counter_number":"0","like_counter_number":"0","dislike_counter_number":"0"},"footnotes":""},"categories":[5,6,2],"tags":[23,79,75],"class_list":["post-5139","post","type-post","status-publish","format-standard","has-post-thumbnail","hentry","category-basketbol","category-erkek-basketbol","category-haberler","tag-fenerbahce","tag-neverenough","tag-zeljkoobradovic"],"amp_enabled":true,"_links":{"self":[{"href":"https:\/\/www.fener.org\/index.php\/wp-json\/wp\/v2\/posts\/5139","targetHints":{"allow":["GET"]}}],"collection":[{"href":"https:\/\/www.fener.org\/index.php\/wp-json\/wp\/v2\/posts"}],"about":[{"href":"https:\/\/www.fener.org\/index.php\/wp-json\/wp\/v2\/types\/post"}],"author":[{"embeddable":true,"href":"https:\/\/www.fener.org\/index.php\/wp-json\/wp\/v2\/users\/1"}],"replies":[{"embeddable":true,"href":"https:\/\/www.fener.org\/index.php\/wp-json\/wp\/v2\/comments?post=5139"}],"version-history":[{"count":1,"href":"https:\/\/www.fener.org\/index.php\/wp-json\/wp\/v2\/posts\/5139\/revisions"}],"predecessor-version":[{"id":5140,"href":"https:\/\/www.fener.org\/index.php\/wp-json\/wp\/v2\/posts\/5139\/revisions\/5140"}],"wp:featuredmedia":[{"embeddable":true,"href":"https:\/\/www.fener.org\/index.php\/wp-json\/wp\/v2\/media\/3344"}],"wp:attachment":[{"href":"https:\/\/www.fener.org\/index.php\/wp-json\/wp\/v2\/media?parent=5139"}],"wp:term":[{"taxonomy":"category","embeddable":true,"href":"https:\/\/www.fener.org\/index.php\/wp-json\/wp\/v2\/categories?post=5139"},{"taxonomy":"post_tag","embeddable":true,"href":"https:\/\/www.fener.org\/index.php\/wp-json\/wp\/v2\/tags?post=5139"}],"curies":[{"name":"wp","href":"https:\/\/api.w.org\/{rel}","templated":true}]}}